{"id":12,"date":"2008-01-29T20:32:51","date_gmt":"2008-01-29T18:32:51","guid":{"rendered":"http:\/\/gerhart-hauptmann-grundschule.de\/verwaltung\/?p=12"},"modified":"2009-10-12T20:57:14","modified_gmt":"2009-10-12T18:57:14","slug":"12","status":"publish","type":"post","link":"https:\/\/www.gerhart-hauptmann-grundschule.de\/verwaltung\/?p=12","title":{"rendered":"Neues Mini-Fu\u00dfballfeld"},"content":{"rendered":"<h3 class=\"head\"><\/h3>\n<p class=\"teaser\">Neue M\u00f6glichkeiten f\u00fcr sportliche Aktivit\u00e4ten<!--more--><\/p>\n<p class=\"newstext\">Auf dem Gel\u00e4nde zwischen der Willy-Brandt-Gesamtschule und der  Dreifachturnhalle wird in K\u00fcrze ein etwa 13 Meter mal 20 Meter gro\u00dfes  &#8222;Mini-Spielfeld&#8220; errichtet. Die Oberfl\u00e4che besteht aus mit Gummigranulat  gef\u00fclltem Kunstrasen. Das Feld wird mit Banden und integrierten Toren  ausgestattet.<br \/>\nDas Minifu\u00dfballfeld bietet unseren Kindern neue  Spielm\u00f6glichkeiten und stellt insbesondere auch f\u00fcr die Kinder der Offenen  Ganztagsgrundschule eine Erweiterung der m\u00f6glichen Aktivit\u00e4ten dar. Nach  Schulschluss der Ganztagsschule steht das Spielfeld auch den \u00fcbrigen Bergkamener  Kindern und Jugendlichen zur Verf\u00fcgung.<br \/>\nDer Deutsche Fu\u00dfballbund unterst\u00fctzt  die Bauma\u00dfnahme mit etwa 20 000 Euro. Ungef\u00e4hr den gleichen Betrag bringt auch  die Stadt Bergkamen auf.<\/p>\n<p class=\"autor\">Autor des Artikels: WalterTeumert, <a href=\"mailto:teumert@gerhart-hauptmann-grundschule.de\">teumert@gerhart-hauptmann-grundschule.de<\/a><\/p>\n","protected":false},"excerpt":{"rendered":"<p>Neue M\u00f6glichkeiten f\u00fcr sportliche Aktivit\u00e4ten<\/p>\n","protected":false},"author":6,"featured_media":0,"comment_status":"closed","ping_status":"closed","sticky":false,"template":"","format":"standard","meta":{"ngg_post_thumbnail":0,"footnotes":""},"categories":[1],"tags":[],"class_list":["post-12","post","type-post","status-publish","format-standard","hentry","category-allgemein","category-1-id","post-seq-1","post-parity-odd","meta-position-corners","fix"],"_links":{"self":[{"href":"https:\/\/www.gerhart-hauptmann-grundschule.de\/verwaltung\/index.php?rest_route=\/wp\/v2\/posts\/12","targetHints":{"allow":["GET"]}}],"collection":[{"href":"https:\/\/www.gerhart-hauptmann-grundschule.de\/verwaltung\/index.php?rest_route=\/wp\/v2\/posts"}],"about":[{"href":"https:\/\/www.gerhart-hauptmann-grundschule.de\/verwaltung\/index.php?rest_route=\/wp\/v2\/types\/post"}],"author":[{"embeddable":true,"href":"https:\/\/www.gerhart-hauptmann-grundschule.de\/verwaltung\/index.php?rest_route=\/wp\/v2\/users\/6"}],"replies":[{"embeddable":true,"href":"https:\/\/www.gerhart-hauptmann-grundschule.de\/verwaltung\/index.php?rest_route=%2Fwp%2Fv2%2Fcomments&post=12"}],"version-history":[{"count":7,"href":"https:\/\/www.gerhart-hauptmann-grundschule.de\/verwaltung\/index.php?rest_route=\/wp\/v2\/posts\/12\/revisions"}],"predecessor-version":[{"id":47,"href":"https:\/\/www.gerhart-hauptmann-grundschule.de\/verwaltung\/index.php?rest_route=\/wp\/v2\/posts\/12\/revisions\/47"}],"wp:attachment":[{"href":"https:\/\/www.gerhart-hauptmann-grundschule.de\/verwaltung\/index.php?rest_route=%2Fwp%2Fv2%2Fmedia&parent=12"}],"wp:term":[{"taxonomy":"category","embeddable":true,"href":"https:\/\/www.gerhart-hauptmann-grundschule.de\/verwaltung\/index.php?rest_route=%2Fwp%2Fv2%2Fcategories&post=12"},{"taxonomy":"post_tag","embeddable":true,"href":"https:\/\/www.gerhart-hauptmann-grundschule.de\/verwaltung\/index.php?rest_route=%2Fwp%2Fv2%2Ftags&post=12"}],"curies":[{"name":"wp","href":"https:\/\/api.w.org\/{rel}","templated":true}]}}