{"id":14,"date":"2008-02-04T20:33:59","date_gmt":"2008-02-04T18:33:59","guid":{"rendered":"http:\/\/gerhart-hauptmann-grundschule.de\/verwaltung\/?p=14"},"modified":"2009-10-12T20:45:13","modified_gmt":"2009-10-12T18:45:13","slug":"neue-lehrerin","status":"publish","type":"post","link":"https:\/\/www.gerhart-hauptmann-grundschule.de\/verwaltung\/?p=14","title":{"rendered":"Neue Lehrerin"},"content":{"rendered":"<p class=\"datum\">\n<p class=\"teaser\">Frau Dryden herzlich begr\u00fc\u00dft<!--more--><\/p>\n<p class=\"newstext\">Seit dem 1. Februar unterrichtet Frau Dryden mit 28  Wochenstunden an unserer Schule. Hierdurch werden zus\u00e4tzliche F\u00f6rderma\u00dfnahmen  m\u00f6glich und wir k\u00f6nnen wieder eine Arbeitsgemeinschaft Kunst einrichten. Im  Falle der Erkrankung von Lehrkr\u00e4ften k\u00f6nnen wir nun auch Unterrichtsausf\u00e4lle  vermindern. Frau Dryden wurde vom Kollegium mit einem Blumenstrau\u00df herzlich  willkommen gehei\u00dfen.<\/p>\n<p class=\"autor\">Autor des Artikels: WalterTeumert, <a href=\"mailto:teumert@gerhart-hauptmann-grundschule.de\">teumert@gerhart-hauptmann-grundschule.de<\/a><\/p>\n","protected":false},"excerpt":{"rendered":"<p>Frau Dryden herzlich begr\u00fc\u00dft<\/p>\n","protected":false},"author":6,"featured_media":0,"comment_status":"closed","ping_status":"closed","sticky":false,"template":"","format":"standard","meta":{"ngg_post_thumbnail":0,"footnotes":""},"categories":[1],"tags":[],"class_list":["post-14","post","type-post","status-publish","format-standard","hentry","category-allgemein","category-1-id","post-seq-1","post-parity-odd","meta-position-corners","fix"],"_links":{"self":[{"href":"https:\/\/www.gerhart-hauptmann-grundschule.de\/verwaltung\/index.php?rest_route=\/wp\/v2\/posts\/14","targetHints":{"allow":["GET"]}}],"collection":[{"href":"https:\/\/www.gerhart-hauptmann-grundschule.de\/verwaltung\/index.php?rest_route=\/wp\/v2\/posts"}],"about":[{"href":"https:\/\/www.gerhart-hauptmann-grundschule.de\/verwaltung\/index.php?rest_route=\/wp\/v2\/types\/post"}],"author":[{"embeddable":true,"href":"https:\/\/www.gerhart-hauptmann-grundschule.de\/verwaltung\/index.php?rest_route=\/wp\/v2\/users\/6"}],"replies":[{"embeddable":true,"href":"https:\/\/www.gerhart-hauptmann-grundschule.de\/verwaltung\/index.php?rest_route=%2Fwp%2Fv2%2Fcomments&post=14"}],"version-history":[{"count":5,"href":"https:\/\/www.gerhart-hauptmann-grundschule.de\/verwaltung\/index.php?rest_route=\/wp\/v2\/posts\/14\/revisions"}],"predecessor-version":[{"id":31,"href":"https:\/\/www.gerhart-hauptmann-grundschule.de\/verwaltung\/index.php?rest_route=\/wp\/v2\/posts\/14\/revisions\/31"}],"wp:attachment":[{"href":"https:\/\/www.gerhart-hauptmann-grundschule.de\/verwaltung\/index.php?rest_route=%2Fwp%2Fv2%2Fmedia&parent=14"}],"wp:term":[{"taxonomy":"category","embeddable":true,"href":"https:\/\/www.gerhart-hauptmann-grundschule.de\/verwaltung\/index.php?rest_route=%2Fwp%2Fv2%2Fcategories&post=14"},{"taxonomy":"post_tag","embeddable":true,"href":"https:\/\/www.gerhart-hauptmann-grundschule.de\/verwaltung\/index.php?rest_route=%2Fwp%2Fv2%2Ftags&post=14"}],"curies":[{"name":"wp","href":"https:\/\/api.w.org\/{rel}","templated":true}]}}