{"id":160,"date":"2010-06-17T21:37:10","date_gmt":"2010-06-17T19:37:10","guid":{"rendered":"http:\/\/gerhart-hauptmann-grundschule.de\/verwaltung\/?p=160"},"modified":"2010-06-17T21:52:11","modified_gmt":"2010-06-17T19:52:11","slug":"stadtmeisterschaft-leichtathletik-2010","status":"publish","type":"post","link":"https:\/\/www.gerhart-hauptmann-grundschule.de\/verwaltung\/?p=160","title":{"rendered":"Stadtmeisterschaft Leichtathletik 2010"},"content":{"rendered":"<p>Das beste M\u00e4dchen und der beste Junge<!--more--> aller neun Bergkamener Grundschulen besuchen die Gerhart-Hautpmann-Schule. Bei der Stadtmeisterschaft Leichtathletik \u00a02010 errangen am Dienstag der Drittkl\u00e4ssler Tim R\u00fcger und die Viertkl\u00e4sslerin Beg\u00fcm Kece einen Doppelsieg im Dreikampf (50-m-Lauf, Weitsprung, Schlagballweitwurf).<\/p>\n<p>Zum Pressebericht geht es <a href=\"http:\/\/www.gerhart-hauptmann-grundschule.de\/html\/presse.html\" target=\"_blank\">hier<\/a>.<\/p>\n","protected":false},"excerpt":{"rendered":"<p>Das beste M\u00e4dchen und der beste Junge<\/p>\n","protected":false},"author":6,"featured_media":0,"comment_status":"closed","ping_status":"closed","sticky":false,"template":"","format":"standard","meta":{"ngg_post_thumbnail":0,"footnotes":""},"categories":[1],"tags":[],"class_list":["post-160","post","type-post","status-publish","format-standard","hentry","category-allgemein","category-1-id","post-seq-1","post-parity-odd","meta-position-corners","fix"],"_links":{"self":[{"href":"https:\/\/www.gerhart-hauptmann-grundschule.de\/verwaltung\/index.php?rest_route=\/wp\/v2\/posts\/160","targetHints":{"allow":["GET"]}}],"collection":[{"href":"https:\/\/www.gerhart-hauptmann-grundschule.de\/verwaltung\/index.php?rest_route=\/wp\/v2\/posts"}],"about":[{"href":"https:\/\/www.gerhart-hauptmann-grundschule.de\/verwaltung\/index.php?rest_route=\/wp\/v2\/types\/post"}],"author":[{"embeddable":true,"href":"https:\/\/www.gerhart-hauptmann-grundschule.de\/verwaltung\/index.php?rest_route=\/wp\/v2\/users\/6"}],"replies":[{"embeddable":true,"href":"https:\/\/www.gerhart-hauptmann-grundschule.de\/verwaltung\/index.php?rest_route=%2Fwp%2Fv2%2Fcomments&post=160"}],"version-history":[{"count":2,"href":"https:\/\/www.gerhart-hauptmann-grundschule.de\/verwaltung\/index.php?rest_route=\/wp\/v2\/posts\/160\/revisions"}],"predecessor-version":[{"id":168,"href":"https:\/\/www.gerhart-hauptmann-grundschule.de\/verwaltung\/index.php?rest_route=\/wp\/v2\/posts\/160\/revisions\/168"}],"wp:attachment":[{"href":"https:\/\/www.gerhart-hauptmann-grundschule.de\/verwaltung\/index.php?rest_route=%2Fwp%2Fv2%2Fmedia&parent=160"}],"wp:term":[{"taxonomy":"category","embeddable":true,"href":"https:\/\/www.gerhart-hauptmann-grundschule.de\/verwaltung\/index.php?rest_route=%2Fwp%2Fv2%2Fcategories&post=160"},{"taxonomy":"post_tag","embeddable":true,"href":"https:\/\/www.gerhart-hauptmann-grundschule.de\/verwaltung\/index.php?rest_route=%2Fwp%2Fv2%2Ftags&post=160"}],"curies":[{"name":"wp","href":"https:\/\/api.w.org\/{rel}","templated":true}]}}