{"id":200,"date":"2010-10-03T21:36:39","date_gmt":"2010-10-03T19:36:39","guid":{"rendered":"http:\/\/gerhart-hauptmann-grundschule.de\/verwaltung\/?p=200"},"modified":"2019-03-20T19:08:13","modified_gmt":"2019-03-20T17:08:13","slug":"abschluss-der-projektwoche","status":"publish","type":"post","link":"https:\/\/www.gerhart-hauptmann-grundschule.de\/verwaltung\/?p=200","title":{"rendered":"Abschluss der Projektwoche &#8222;Kinder in aller Welt&#8220;"},"content":{"rendered":"<p>Mit Begeisterung nahmen die Kinder der Gerhart-Hauptmann-Schule <!--more-->an den verschiedenen Angeboten w\u00e4hrend der Projektwoche vom 20. bis 24. September zum Thema &#8222;Kinder in aller Welt&#8220; teil. So hatten sie beispielsweise die M\u00f6glichkeit, etwas \u00fcber das Leben der Kinder in Australien, Japan, Afrika oder im hohen Norden zu erfahren. Andere verglichen Spiele von fr\u00fcher und heute miteinander oder studierten einen t\u00fcrkischen Tanz ein. Des Weiteren besch\u00e4ftigten sich die Kinder mit den Kinderrechten oder erarbeiteten ein Theaterst\u00fcck zum Thema Kinderarbeit.<\/p>\n<p>Zum Abschluss der Projektwoche wurden die Ergebnisse der Gruppenarbeiten im Studiotheater und im Mehrzweckraum der GHS pr\u00e4sentiert. Auch fand der allj\u00e4hrliche Flohmarkt am Freitag statt, der leider aufgrund des schlechten Wetters ins Geb\u00e4ude verlegt werden musste. Dennoch fanden wieder zahlreiche Kinder, Eltern, Verwandte und Freunde den Weg zum Flohmarkt. Viele von ihnen trugen dar\u00fcber hinaus durch Geld- oder Sachspenden oder durch tatkr\u00e4ftige Mithilfe zum Gelingen bei. Herzlichen Dank!<\/p>\n<p>Impressionen aus den verschiedenen Projektgruppen findet man <a href=\"http:\/\/gerhart-hauptmann-grundschule.de\/Fotoalbum\/Fotos%20GHS\/Projektwoche%202010\/index.html\" target=\"_blank\" rel=\"noopener\">hier<\/a><\/p>\n","protected":false},"excerpt":{"rendered":"<p>Mit Begeisterung nahmen die Kinder der Gerhart-Hauptmann-Schule<\/p>\n","protected":false},"author":6,"featured_media":0,"comment_status":"closed","ping_status":"closed","sticky":false,"template":"","format":"standard","meta":{"ngg_post_thumbnail":0,"footnotes":""},"categories":[1],"tags":[],"class_list":["post-200","post","type-post","status-publish","format-standard","hentry","category-allgemein","category-1-id","post-seq-1","post-parity-odd","meta-position-corners","fix"],"_links":{"self":[{"href":"https:\/\/www.gerhart-hauptmann-grundschule.de\/verwaltung\/index.php?rest_route=\/wp\/v2\/posts\/200","targetHints":{"allow":["GET"]}}],"collection":[{"href":"https:\/\/www.gerhart-hauptmann-grundschule.de\/verwaltung\/index.php?rest_route=\/wp\/v2\/posts"}],"about":[{"href":"https:\/\/www.gerhart-hauptmann-grundschule.de\/verwaltung\/index.php?rest_route=\/wp\/v2\/types\/post"}],"author":[{"embeddable":true,"href":"https:\/\/www.gerhart-hauptmann-grundschule.de\/verwaltung\/index.php?rest_route=\/wp\/v2\/users\/6"}],"replies":[{"embeddable":true,"href":"https:\/\/www.gerhart-hauptmann-grundschule.de\/verwaltung\/index.php?rest_route=%2Fwp%2Fv2%2Fcomments&post=200"}],"version-history":[{"count":11,"href":"https:\/\/www.gerhart-hauptmann-grundschule.de\/verwaltung\/index.php?rest_route=\/wp\/v2\/posts\/200\/revisions"}],"predecessor-version":[{"id":1777,"href":"https:\/\/www.gerhart-hauptmann-grundschule.de\/verwaltung\/index.php?rest_route=\/wp\/v2\/posts\/200\/revisions\/1777"}],"wp:attachment":[{"href":"https:\/\/www.gerhart-hauptmann-grundschule.de\/verwaltung\/index.php?rest_route=%2Fwp%2Fv2%2Fmedia&parent=200"}],"wp:term":[{"taxonomy":"category","embeddable":true,"href":"https:\/\/www.gerhart-hauptmann-grundschule.de\/verwaltung\/index.php?rest_route=%2Fwp%2Fv2%2Fcategories&post=200"},{"taxonomy":"post_tag","embeddable":true,"href":"https:\/\/www.gerhart-hauptmann-grundschule.de\/verwaltung\/index.php?rest_route=%2Fwp%2Fv2%2Ftags&post=200"}],"curies":[{"name":"wp","href":"https:\/\/api.w.org\/{rel}","templated":true}]}}