{"id":21,"date":"2008-02-21T20:41:33","date_gmt":"2008-02-21T18:41:33","guid":{"rendered":"http:\/\/gerhart-hauptmann-grundschule.de\/verwaltung\/?p=21"},"modified":"2009-10-12T20:44:09","modified_gmt":"2009-10-12T18:44:09","slug":"musikunterricht-einmal-anders","status":"publish","type":"post","link":"https:\/\/www.gerhart-hauptmann-grundschule.de\/verwaltung\/?p=21","title":{"rendered":"Musikunterricht einmal anders"},"content":{"rendered":"<p class=\"datum\">\n<p class=\"teaser\">Besuch des B-Orchesters des Bergkamener Gymnasiums<!--more--><\/p>\n<p class=\"newstext\">Am gestrigen Mittwoch besuchten Kinder der 3. und 4. Klassen  das B-Orchester des Bergkamener Gymnasiums.<br \/>\nBegeistert und m\u00e4uschenstill  h\u00f6rten alle dem Spiel des Orchesters zu. Als die verschiedenen  Instrumentengruppen wie Streicher, Holzbl\u00e4ser, Blechbl\u00e4ser und sogar das  Schlagzeug jeweils alleine einen Melodienbogen darboten, wurden die  unterschiedlichen Klangeigenschaften ganz deutlich.<br \/>\nViel Spa\u00df bereitete auch  der Versuch, ohne Dirigenten zu spielen. Jeder Spieler begann, wie er es  meinte!<br \/>\nDen H\u00f6hepunkt und Glanzlicht bildete der Abschluss:<br \/>\nDie  Grundsch\u00fclerinnen und -sch\u00fcler durften sich als kleine Solisten versuchen. Die  Kinder waren so begeistert, dass sie geduldig warten konnten, bis sie eine Geige  oder ein Cello streichen durften oder Schlagzeug im Rhythmus schlagen.<\/p>\n<p class=\"autor\">Autor des Artikels: WalterTeumert, <a href=\"mailto:teumert@gerhart-hauptmann-grundschule.de\">teumert@gerhart-hauptmann-grundschule.de<\/a><\/p>\n","protected":false},"excerpt":{"rendered":"<p>Besuch des B-Orchesters des Bergkamener Gymnasiums<\/p>\n","protected":false},"author":6,"featured_media":0,"comment_status":"closed","ping_status":"closed","sticky":false,"template":"","format":"standard","meta":{"ngg_post_thumbnail":0,"footnotes":""},"categories":[1],"tags":[],"class_list":["post-21","post","type-post","status-publish","format-standard","hentry","category-allgemein","category-1-id","post-seq-1","post-parity-odd","meta-position-corners","fix"],"_links":{"self":[{"href":"https:\/\/www.gerhart-hauptmann-grundschule.de\/verwaltung\/index.php?rest_route=\/wp\/v2\/posts\/21","targetHints":{"allow":["GET"]}}],"collection":[{"href":"https:\/\/www.gerhart-hauptmann-grundschule.de\/verwaltung\/index.php?rest_route=\/wp\/v2\/posts"}],"about":[{"href":"https:\/\/www.gerhart-hauptmann-grundschule.de\/verwaltung\/index.php?rest_route=\/wp\/v2\/types\/post"}],"author":[{"embeddable":true,"href":"https:\/\/www.gerhart-hauptmann-grundschule.de\/verwaltung\/index.php?rest_route=\/wp\/v2\/users\/6"}],"replies":[{"embeddable":true,"href":"https:\/\/www.gerhart-hauptmann-grundschule.de\/verwaltung\/index.php?rest_route=%2Fwp%2Fv2%2Fcomments&post=21"}],"version-history":[{"count":4,"href":"https:\/\/www.gerhart-hauptmann-grundschule.de\/verwaltung\/index.php?rest_route=\/wp\/v2\/posts\/21\/revisions"}],"predecessor-version":[{"id":28,"href":"https:\/\/www.gerhart-hauptmann-grundschule.de\/verwaltung\/index.php?rest_route=\/wp\/v2\/posts\/21\/revisions\/28"}],"wp:attachment":[{"href":"https:\/\/www.gerhart-hauptmann-grundschule.de\/verwaltung\/index.php?rest_route=%2Fwp%2Fv2%2Fmedia&parent=21"}],"wp:term":[{"taxonomy":"category","embeddable":true,"href":"https:\/\/www.gerhart-hauptmann-grundschule.de\/verwaltung\/index.php?rest_route=%2Fwp%2Fv2%2Fcategories&post=21"},{"taxonomy":"post_tag","embeddable":true,"href":"https:\/\/www.gerhart-hauptmann-grundschule.de\/verwaltung\/index.php?rest_route=%2Fwp%2Fv2%2Ftags&post=21"}],"curies":[{"name":"wp","href":"https:\/\/api.w.org\/{rel}","templated":true}]}}