{"id":211,"date":"2010-11-15T20:31:20","date_gmt":"2010-11-15T18:31:20","guid":{"rendered":"http:\/\/gerhart-hauptmann-grundschule.de\/verwaltung\/?p=211"},"modified":"2010-11-15T20:41:26","modified_gmt":"2010-11-15T18:41:26","slug":"forderverein-besteht-15-jahre","status":"publish","type":"post","link":"https:\/\/www.gerhart-hauptmann-grundschule.de\/verwaltung\/?p=211","title":{"rendered":"F\u00f6rderverein besteht 15 Jahre"},"content":{"rendered":"<p><!--more--><strong>\u00dcber 45.000 \u20ac\u00a0 f\u00fcr die Sch\u00fclerinnen und Sch\u00fcler bereit gestellt<\/strong><\/p>\n<p>K\u00fcrzlich fand die Mitgliederversammlung des F\u00f6rdervereins der Gerhart-Hauptmann-Schule statt. Herr Klu\u00dfmann wurde erneut zum Vorsitzeden gew\u00e4hlt. Auch Herr Ehresmann, ein Mann der ersten Stunde, der seit Gr\u00fcndung des Vereins mit gro\u00dfem Engagement als Kassierer genauestens \u00fcber die Finanzen wacht und penibel Ein- und Ausgaben verbucht, wurde in seinem Amt best\u00e4tigt.<\/p>\n<p>Herr Ehresmann nutzte die Gelegenheit, um zu berichten, dass in den 15 Jahren des Vereinsbestehens vom F\u00f6rderverein mehr als 45Tausend Euro f\u00fcr die Sch\u00fclerinnen und Sch\u00fcler der Schule\u00a0 zur Verf\u00fcgung gestellt wurden. In den ersten Jahren lag der F\u00f6rderschwerpunkt bei der Anschaffung neuer Medien. Zuletzt wurden vor allem die Einrichtung der Leseinsel und die Durchf\u00fchrung des Pr\u00e4ventionsprojektes gegen sexuellen Missbrauch unterst\u00fctzt.\u00a0 Bei diesem Projekt erfahren die Kinder unter anderem mittels des Theaterst\u00fccks &#8222;Mein K\u00f6rper geh\u00f6rt mir &#8220; der Theaterp\u00e4dagogischen Werkstatt Osnabr\u00fcck sehr anschaulich, wie man sich vor sexuellem Missbrauch sch\u00fctzen kann und Hilfe bekommen kann. Weiterhin stellt der F\u00f6rderverein seit vielen Jahren regelm\u00e4\u00dfig Geld zur Anschaffung von Pausenspielzeug f\u00fcr die Kinder zur Verf\u00fcgung.<\/p>\n<p>Allen Mitgliedern und Spendern sowie den im Vorstand Aktiven sei an dieser Stelle ein herzliches Dankesch\u00f6n ausgesprochen.<\/p>\n","protected":false},"excerpt":{"rendered":"","protected":false},"author":6,"featured_media":0,"comment_status":"closed","ping_status":"closed","sticky":false,"template":"","format":"standard","meta":{"ngg_post_thumbnail":0,"footnotes":""},"categories":[1],"tags":[],"class_list":["post-211","post","type-post","status-publish","format-standard","hentry","category-allgemein","category-1-id","post-seq-1","post-parity-odd","meta-position-corners","fix"],"_links":{"self":[{"href":"https:\/\/www.gerhart-hauptmann-grundschule.de\/verwaltung\/index.php?rest_route=\/wp\/v2\/posts\/211","targetHints":{"allow":["GET"]}}],"collection":[{"href":"https:\/\/www.gerhart-hauptmann-grundschule.de\/verwaltung\/index.php?rest_route=\/wp\/v2\/posts"}],"about":[{"href":"https:\/\/www.gerhart-hauptmann-grundschule.de\/verwaltung\/index.php?rest_route=\/wp\/v2\/types\/post"}],"author":[{"embeddable":true,"href":"https:\/\/www.gerhart-hauptmann-grundschule.de\/verwaltung\/index.php?rest_route=\/wp\/v2\/users\/6"}],"replies":[{"embeddable":true,"href":"https:\/\/www.gerhart-hauptmann-grundschule.de\/verwaltung\/index.php?rest_route=%2Fwp%2Fv2%2Fcomments&post=211"}],"version-history":[{"count":6,"href":"https:\/\/www.gerhart-hauptmann-grundschule.de\/verwaltung\/index.php?rest_route=\/wp\/v2\/posts\/211\/revisions"}],"predecessor-version":[{"id":217,"href":"https:\/\/www.gerhart-hauptmann-grundschule.de\/verwaltung\/index.php?rest_route=\/wp\/v2\/posts\/211\/revisions\/217"}],"wp:attachment":[{"href":"https:\/\/www.gerhart-hauptmann-grundschule.de\/verwaltung\/index.php?rest_route=%2Fwp%2Fv2%2Fmedia&parent=211"}],"wp:term":[{"taxonomy":"category","embeddable":true,"href":"https:\/\/www.gerhart-hauptmann-grundschule.de\/verwaltung\/index.php?rest_route=%2Fwp%2Fv2%2Fcategories&post=211"},{"taxonomy":"post_tag","embeddable":true,"href":"https:\/\/www.gerhart-hauptmann-grundschule.de\/verwaltung\/index.php?rest_route=%2Fwp%2Fv2%2Ftags&post=211"}],"curies":[{"name":"wp","href":"https:\/\/api.w.org\/{rel}","templated":true}]}}