{"id":229,"date":"2010-12-23T20:38:20","date_gmt":"2010-12-23T18:38:20","guid":{"rendered":"http:\/\/gerhart-hauptmann-grundschule.de\/verwaltung\/?p=229"},"modified":"2011-01-09T23:59:43","modified_gmt":"2011-01-09T21:59:43","slug":"vorweihnachtliche-feier-zum-jahresabschluss","status":"publish","type":"post","link":"https:\/\/www.gerhart-hauptmann-grundschule.de\/verwaltung\/?p=229","title":{"rendered":"Vorweihnachtliche Feier zum Jahresabschluss"},"content":{"rendered":"<p>Alle Kinder trugen zum Gelingen bei<\/p>\n<p><!--more-->Mit einer stimmungsvollen vorweihnachtlichen Feier endete f\u00fcr unsere Kinder der Schulbesuch im Jahre 2010.\u00a0 Die Kinder aller Jahrg\u00e4nge trugen mit ihren Liedvortr\u00e4gen zum Gelingen bei. Sicher begleiteten die Kinder der Klassse 3a mit Orffschen Instrumenten den Liedvortrag der Drittkl\u00e4ssler.<\/p>\n<p>Besondere H\u00f6hepunkte waren die Auff\u00fchrung des M\u00e4rchens &#8222;Frau Holle&#8220; durch die Theater-AG der Viertkl\u00e4ssler und das Vorspiel des Orchesters unserer JeKi-Kinder. Die Akteure der Theatergruppe wussten durch passende Kost\u00fcme und treffende Mimik und Gestik die Zuschauer in die M\u00e4rchenwelt mitzunehmen. Auch war es h\u00f6renswert, wie gut das Zusammenspiel unserer kleinen Musiker klappte, proben sie doch erst seit September als Orchester. Als Solist bereicherte Stefan Zimmermann mit seinem Vorspiel auf dem Keyboard das Programm.<\/p>\n<p>Die zahlreich erschienenen Eltern und der ehemalige Schulleiter Gerd Kook\u00a0 konnten sich einmal mehr von der Leistungsf\u00e4higkeit der Kinder \u00fcberzeugen und belohnten mit viel Applaus die Darbietungen. Ein besonderer Dank gilt an dieser Stelle unserer Musikp\u00e4dagogin Frau F\u00f6rster, die das Programm erstellt und mit viel Einsatz f\u00fcr eine reibungslose Organisation der Feier sorgte. Herzlichen Dank auch all den Eltern, die sich als Helfer bei der Durchf\u00fchrung engagiert haben.<\/p>\n<p><a href=\"http:\/\/gerhart-hauptmann-grundschule.de\/Fotoalbum\/Fotos%20GHS\/Weihnachtskonzert%202010\/index.html\" target=\"_blank\">Fotos von der Feier<\/a><\/p>\n","protected":false},"excerpt":{"rendered":"<p>Alle Kinder trugen zum Gelingen bei<\/p>\n","protected":false},"author":6,"featured_media":0,"comment_status":"closed","ping_status":"closed","sticky":false,"template":"","format":"standard","meta":{"ngg_post_thumbnail":0,"footnotes":""},"categories":[1],"tags":[],"class_list":["post-229","post","type-post","status-publish","format-standard","hentry","category-allgemein","category-1-id","post-seq-1","post-parity-odd","meta-position-corners","fix"],"_links":{"self":[{"href":"https:\/\/www.gerhart-hauptmann-grundschule.de\/verwaltung\/index.php?rest_route=\/wp\/v2\/posts\/229","targetHints":{"allow":["GET"]}}],"collection":[{"href":"https:\/\/www.gerhart-hauptmann-grundschule.de\/verwaltung\/index.php?rest_route=\/wp\/v2\/posts"}],"about":[{"href":"https:\/\/www.gerhart-hauptmann-grundschule.de\/verwaltung\/index.php?rest_route=\/wp\/v2\/types\/post"}],"author":[{"embeddable":true,"href":"https:\/\/www.gerhart-hauptmann-grundschule.de\/verwaltung\/index.php?rest_route=\/wp\/v2\/users\/6"}],"replies":[{"embeddable":true,"href":"https:\/\/www.gerhart-hauptmann-grundschule.de\/verwaltung\/index.php?rest_route=%2Fwp%2Fv2%2Fcomments&post=229"}],"version-history":[{"count":11,"href":"https:\/\/www.gerhart-hauptmann-grundschule.de\/verwaltung\/index.php?rest_route=\/wp\/v2\/posts\/229\/revisions"}],"predecessor-version":[{"id":261,"href":"https:\/\/www.gerhart-hauptmann-grundschule.de\/verwaltung\/index.php?rest_route=\/wp\/v2\/posts\/229\/revisions\/261"}],"wp:attachment":[{"href":"https:\/\/www.gerhart-hauptmann-grundschule.de\/verwaltung\/index.php?rest_route=%2Fwp%2Fv2%2Fmedia&parent=229"}],"wp:term":[{"taxonomy":"category","embeddable":true,"href":"https:\/\/www.gerhart-hauptmann-grundschule.de\/verwaltung\/index.php?rest_route=%2Fwp%2Fv2%2Fcategories&post=229"},{"taxonomy":"post_tag","embeddable":true,"href":"https:\/\/www.gerhart-hauptmann-grundschule.de\/verwaltung\/index.php?rest_route=%2Fwp%2Fv2%2Ftags&post=229"}],"curies":[{"name":"wp","href":"https:\/\/api.w.org\/{rel}","templated":true}]}}