{"id":32,"date":"2008-06-18T20:45:51","date_gmt":"2008-06-18T18:45:51","guid":{"rendered":"http:\/\/gerhart-hauptmann-grundschule.de\/verwaltung\/?p=32"},"modified":"2009-10-12T20:46:49","modified_gmt":"2009-10-12T18:46:49","slug":"kleine-kinder-grose-kunstler","status":"publish","type":"post","link":"https:\/\/www.gerhart-hauptmann-grundschule.de\/verwaltung\/?p=32","title":{"rendered":"Kleine Kinder &#8211; gro\u00dfe K\u00fcnstler"},"content":{"rendered":"<p class=\"teaser\">Sch\u00fcler der OGS zeigen Bilder und Skulpturen im  Wolfgang-Fr\u00e4ger-Raum des Stadtmuseums<!--more--><\/p>\n<p class=\"newstext\">Am vergangenen Sonntag, gleich nach der Er\u00f6ffnung der  Ausstellung &#8222;Wegmarke R\u00fcckSicht&#8220; im Stadtmuseum Bergkamen, er\u00f6ffnete  B\u00fcrgermeister Roland Sch\u00e4fer eine Kunstausstellung besonderer Art. Auf  Initiative von Kursleiterin Monika Kluczny sind seit gestern die Werke von 13  Sch\u00fclerinnen und Sch\u00fclern, die am Qualit\u00e4tsangebot der Offenen Ganztagsschule  der Gerhart-Hauptmann-Schule teilnehmen, im Wolfgang-Fr\u00e4ger Raum des  Stadtmuseums ausgestellt. Unter Anleitung von Frau Kluczny hatten die Kinder  unterschiedliche Techniken kennen gelernt wie das Malen mit Aquarellfarben und  mit Kreide. Aus Gips und Ton hatten die Kinder Gegenst\u00e4nde und kleine Skulpturen  geformt. Umrahmt wurde die Er\u00f6ffnung durch ein sehr auf die Kinder eingehendes  Gitarrenspiel von Burkhard Wolters. F\u00fcr die Kinder und ihre anwesenden Eltern  und Verwandten wird die Ausstellungser\u00f6ffnung sicherlich in nachhaltiger  positiver Erinnerung bleiben.<br \/>\nDie Werke unserer kleinen K\u00fcnstler sind noch  bis zum<br \/>\n29. Juni 2008 im Wolfgang-Fr\u00e4ger-Raum des Stadtmuseums zu  besichtigen.<\/p>\n","protected":false},"excerpt":{"rendered":"<p>Sch\u00fcler der OGS zeigen Bilder und Skulpturen im Wolfgang-Fr\u00e4ger-Raum des Stadtmuseums<\/p>\n","protected":false},"author":6,"featured_media":0,"comment_status":"closed","ping_status":"closed","sticky":false,"template":"","format":"standard","meta":{"ngg_post_thumbnail":0,"footnotes":""},"categories":[1],"tags":[],"class_list":["post-32","post","type-post","status-publish","format-standard","hentry","category-allgemein","category-1-id","post-seq-1","post-parity-odd","meta-position-corners","fix"],"_links":{"self":[{"href":"https:\/\/www.gerhart-hauptmann-grundschule.de\/verwaltung\/index.php?rest_route=\/wp\/v2\/posts\/32","targetHints":{"allow":["GET"]}}],"collection":[{"href":"https:\/\/www.gerhart-hauptmann-grundschule.de\/verwaltung\/index.php?rest_route=\/wp\/v2\/posts"}],"about":[{"href":"https:\/\/www.gerhart-hauptmann-grundschule.de\/verwaltung\/index.php?rest_route=\/wp\/v2\/types\/post"}],"author":[{"embeddable":true,"href":"https:\/\/www.gerhart-hauptmann-grundschule.de\/verwaltung\/index.php?rest_route=\/wp\/v2\/users\/6"}],"replies":[{"embeddable":true,"href":"https:\/\/www.gerhart-hauptmann-grundschule.de\/verwaltung\/index.php?rest_route=%2Fwp%2Fv2%2Fcomments&post=32"}],"version-history":[{"count":4,"href":"https:\/\/www.gerhart-hauptmann-grundschule.de\/verwaltung\/index.php?rest_route=\/wp\/v2\/posts\/32\/revisions"}],"predecessor-version":[{"id":37,"href":"https:\/\/www.gerhart-hauptmann-grundschule.de\/verwaltung\/index.php?rest_route=\/wp\/v2\/posts\/32\/revisions\/37"}],"wp:attachment":[{"href":"https:\/\/www.gerhart-hauptmann-grundschule.de\/verwaltung\/index.php?rest_route=%2Fwp%2Fv2%2Fmedia&parent=32"}],"wp:term":[{"taxonomy":"category","embeddable":true,"href":"https:\/\/www.gerhart-hauptmann-grundschule.de\/verwaltung\/index.php?rest_route=%2Fwp%2Fv2%2Fcategories&post=32"},{"taxonomy":"post_tag","embeddable":true,"href":"https:\/\/www.gerhart-hauptmann-grundschule.de\/verwaltung\/index.php?rest_route=%2Fwp%2Fv2%2Ftags&post=32"}],"curies":[{"name":"wp","href":"https:\/\/api.w.org\/{rel}","templated":true}]}}