{"id":355,"date":"2011-07-02T01:14:45","date_gmt":"2011-07-01T23:14:45","guid":{"rendered":"http:\/\/gerhart-hauptmann-grundschule.de\/verwaltung\/?p=355"},"modified":"2011-07-02T01:24:35","modified_gmt":"2011-07-01T23:24:35","slug":"vorrunde-der-mini-wm","status":"publish","type":"post","link":"https:\/\/www.gerhart-hauptmann-grundschule.de\/verwaltung\/?p=355","title":{"rendered":"Vorrunde der Mini-WM"},"content":{"rendered":"<p>Sportlich fair und voller Spielfreude\u00a0<!--more-->haben die M\u00e4dchen der Fu\u00dfball-AG der Gerhart-Hauptmann-Schule am 30.6. das ihnen zugeloste Land Japan in den Vorrundenspielen der Mini-WM vertreten. Im Montanhydraulik-Stadion in Holzwickede zeigten die Fu\u00dfballerinnen &#8211; lautstark angefeuert von ihren mitgereisten Fans aus den 3. und 4. Schuljahren &#8211;\u00a0 ihr K\u00f6nnen. Dass es am Ende mit Platz drei nicht f\u00fcr ein Weiterkommen ins Viertelfinale reichte, war \u00a0zun\u00e4chst ein Schock f\u00fcr die Spielerinnen der GHS. Um so mehr freuten sie sich \u00fcber die Einladung des Hellweger Anzeigers zum Finale.<\/p>\n<p>Die Initiatoren der Mini-WM haben wirklich an alles gedacht. Schon jetzt kann man sagen, dass dieses Projekt eine gelungene Veranstaltung war, die nat\u00fcrlich auch durch das hohe Engagement der beteiligten Lehrer getragen wurde. Unser Dank gilt an dieser Stelle unserem Trainer, Herrn Fahling.<\/p>\n<p>Fotos vom Vorrundenspiel am 30.6.2011<\/p>\n<p><a href=\"http:\/\/www.hellwegeranzeiger.de\/bilder\/fotostrecken\/unna\/cme109093,2555871\" target=\"_blank\">Fotostrecke des Hellweger Anzeigers<\/a><\/p>\n","protected":false},"excerpt":{"rendered":"<p>Sportlich fair und voller Spielfreude\u00a0<\/p>\n","protected":false},"author":6,"featured_media":0,"comment_status":"closed","ping_status":"closed","sticky":false,"template":"","format":"standard","meta":{"ngg_post_thumbnail":0,"footnotes":""},"categories":[1],"tags":[],"class_list":["post-355","post","type-post","status-publish","format-standard","hentry","category-allgemein","category-1-id","post-seq-1","post-parity-odd","meta-position-corners","fix"],"_links":{"self":[{"href":"https:\/\/www.gerhart-hauptmann-grundschule.de\/verwaltung\/index.php?rest_route=\/wp\/v2\/posts\/355","targetHints":{"allow":["GET"]}}],"collection":[{"href":"https:\/\/www.gerhart-hauptmann-grundschule.de\/verwaltung\/index.php?rest_route=\/wp\/v2\/posts"}],"about":[{"href":"https:\/\/www.gerhart-hauptmann-grundschule.de\/verwaltung\/index.php?rest_route=\/wp\/v2\/types\/post"}],"author":[{"embeddable":true,"href":"https:\/\/www.gerhart-hauptmann-grundschule.de\/verwaltung\/index.php?rest_route=\/wp\/v2\/users\/6"}],"replies":[{"embeddable":true,"href":"https:\/\/www.gerhart-hauptmann-grundschule.de\/verwaltung\/index.php?rest_route=%2Fwp%2Fv2%2Fcomments&post=355"}],"version-history":[{"count":5,"href":"https:\/\/www.gerhart-hauptmann-grundschule.de\/verwaltung\/index.php?rest_route=\/wp\/v2\/posts\/355\/revisions"}],"predecessor-version":[{"id":357,"href":"https:\/\/www.gerhart-hauptmann-grundschule.de\/verwaltung\/index.php?rest_route=\/wp\/v2\/posts\/355\/revisions\/357"}],"wp:attachment":[{"href":"https:\/\/www.gerhart-hauptmann-grundschule.de\/verwaltung\/index.php?rest_route=%2Fwp%2Fv2%2Fmedia&parent=355"}],"wp:term":[{"taxonomy":"category","embeddable":true,"href":"https:\/\/www.gerhart-hauptmann-grundschule.de\/verwaltung\/index.php?rest_route=%2Fwp%2Fv2%2Fcategories&post=355"},{"taxonomy":"post_tag","embeddable":true,"href":"https:\/\/www.gerhart-hauptmann-grundschule.de\/verwaltung\/index.php?rest_route=%2Fwp%2Fv2%2Ftags&post=355"}],"curies":[{"name":"wp","href":"https:\/\/api.w.org\/{rel}","templated":true}]}}