{"id":361,"date":"2011-09-09T21:13:31","date_gmt":"2011-09-09T19:13:31","guid":{"rendered":"http:\/\/gerhart-hauptmann-grundschule.de\/verwaltung\/?p=361"},"modified":"2011-09-25T22:07:01","modified_gmt":"2011-09-25T20:07:01","slug":"einschulung-2011","status":"publish","type":"post","link":"https:\/\/www.gerhart-hauptmann-grundschule.de\/verwaltung\/?p=361","title":{"rendered":"Einschulung 2011"},"content":{"rendered":"<p>Die Einschulungsfeier der neuen Erstkl\u00e4ssler \u00a0<!--more-->der Gerhart-Hauptmann-Schule kam sowohl bei den Kindern als auch bei ihren Eltern und mitgebrachten Verwandten und Freunden sehr gut an. Traditionsgem\u00e4\u00df gestalteten die 2. Schuljahre das Programm. Mit einem Lied erz\u00e4hlten sie den I-M\u00e4nnchen, was man alles in der Schule lernen und erleben kann. Sie trommelten auf im JeKI-Unterricht selbst hergestellten Trommeln und holten die &#8222;Kleinen&#8220; zum Abschluss zum gemeinsamen Schwungtuch-Schwingen auf die B\u00fchne.<\/p>\n<p><a href=\"http:\/\/gerhart-hauptmann-grundschule.de\/Fotoalbum\/Fotos%20GHS\/Einschulung%202011\/index.html\" target=\"_blank\">Fotos von der Einschulungsfeier<\/a><\/p>\n","protected":false},"excerpt":{"rendered":"<p>Die Einschulungsfeier der neuen Erstkl\u00e4ssler \u00a0<\/p>\n","protected":false},"author":6,"featured_media":0,"comment_status":"closed","ping_status":"closed","sticky":false,"template":"","format":"standard","meta":{"ngg_post_thumbnail":0,"footnotes":""},"categories":[1],"tags":[],"class_list":["post-361","post","type-post","status-publish","format-standard","hentry","category-allgemein","category-1-id","post-seq-1","post-parity-odd","meta-position-corners","fix"],"_links":{"self":[{"href":"https:\/\/www.gerhart-hauptmann-grundschule.de\/verwaltung\/index.php?rest_route=\/wp\/v2\/posts\/361","targetHints":{"allow":["GET"]}}],"collection":[{"href":"https:\/\/www.gerhart-hauptmann-grundschule.de\/verwaltung\/index.php?rest_route=\/wp\/v2\/posts"}],"about":[{"href":"https:\/\/www.gerhart-hauptmann-grundschule.de\/verwaltung\/index.php?rest_route=\/wp\/v2\/types\/post"}],"author":[{"embeddable":true,"href":"https:\/\/www.gerhart-hauptmann-grundschule.de\/verwaltung\/index.php?rest_route=\/wp\/v2\/users\/6"}],"replies":[{"embeddable":true,"href":"https:\/\/www.gerhart-hauptmann-grundschule.de\/verwaltung\/index.php?rest_route=%2Fwp%2Fv2%2Fcomments&post=361"}],"version-history":[{"count":5,"href":"https:\/\/www.gerhart-hauptmann-grundschule.de\/verwaltung\/index.php?rest_route=\/wp\/v2\/posts\/361\/revisions"}],"predecessor-version":[{"id":370,"href":"https:\/\/www.gerhart-hauptmann-grundschule.de\/verwaltung\/index.php?rest_route=\/wp\/v2\/posts\/361\/revisions\/370"}],"wp:attachment":[{"href":"https:\/\/www.gerhart-hauptmann-grundschule.de\/verwaltung\/index.php?rest_route=%2Fwp%2Fv2%2Fmedia&parent=361"}],"wp:term":[{"taxonomy":"category","embeddable":true,"href":"https:\/\/www.gerhart-hauptmann-grundschule.de\/verwaltung\/index.php?rest_route=%2Fwp%2Fv2%2Fcategories&post=361"},{"taxonomy":"post_tag","embeddable":true,"href":"https:\/\/www.gerhart-hauptmann-grundschule.de\/verwaltung\/index.php?rest_route=%2Fwp%2Fv2%2Ftags&post=361"}],"curies":[{"name":"wp","href":"https:\/\/api.w.org\/{rel}","templated":true}]}}