{"id":372,"date":"2011-12-23T17:26:28","date_gmt":"2011-12-23T15:26:28","guid":{"rendered":"http:\/\/gerhart-hauptmann-grundschule.de\/verwaltung\/?p=372"},"modified":"2012-01-04T19:34:38","modified_gmt":"2012-01-04T17:34:38","slug":"weihnachtsfeier-2011","status":"publish","type":"post","link":"https:\/\/www.gerhart-hauptmann-grundschule.de\/verwaltung\/?p=372","title":{"rendered":"Weihnachtsfeier 2011"},"content":{"rendered":"<p>Durch ihre engagierten musikalischen und schauspielerischen Beitr\u00e4ge zur diesj\u00e4hrigen Weihnachtsfeier der Gerhart-Hauptmann-Grundschule <!--more-->haben es die Sch\u00fcler und Sch\u00fclerinnen aller Klassen auch dieses Jahr geschafft, alle Beteiligten und Zuschauer am letzten Schultag in eine weihnachtlich Stimmung zu versetzen und sich anschlie\u00dfend in die Ferien zu verabschieden.<\/p>\n<p>Allen Sch\u00fclerinnen und Sch\u00fclern, deren Eltern und Familien sowie allen Freunden der Gerhart-Hauptmann-Schule w\u00fcnschen wir ein gesegnetes friedvolles Weihnachtsfest und ein gesundes, zufriedenes Jahr 2012.<\/p>\n<div class=\"shashinPhotoGroups\"><div class=\"shashinThumbnailsTable\" id=\"shashinGroup_1\" style=\"margin-left: auto; margin-right: auto;\">\n<div class=\"shashinCaption\"><\/div>\n<div class=\"shashinTableRow\">\n<div class=\"shashinTableCell\" data-original_width=\"100%\" style=\" width: 100%; max-width: 135px;\"><div class=\"shashinThumbnailWrapper\"><a href=\"https:\/\/picasaweb.google.com\/113799244908581031241\/Weihnachtsfeier2011\" id=\"shashinAlbumThumbLink_img_1\" data-ShashinAlbum=\"1\" class=\"shashinAlbumThumbLink\"><img decoding=\"async\" src=\"http:\/\/lh3.ggpht.com\/-iTjMQds5zlU\/TwRoj6dc8DE\/AAAAAAAAAVs\/5EEwY7fZwcY\/s150\/Weihnachtsfeier2011.jpg\" alt=\"Weihnachtsfeier 2011\" title=\"Weihnachtsfeier 2011\" width=\"135\" class=\"shashinThumbnailImage\" id=\"shashinThumbnailImage_1\" \/><\/a><div class=\"shashinThumbnailCaption\"><span class=\"shashinAlbumCaptionTitle\"><a href=\"https:\/\/picasaweb.google.com\/113799244908581031241\/Weihnachtsfeier2011\" id=\"shashinAlbumThumbLink_caption_1\" data-ShashinAlbum=\"1\" class=\"shashinAlbumThumbLink\">Weihnachtsfeier 2011<\/a><\/span><\/div>\n<\/div><\/div>\n<\/div><div class=\"shashinTableRowClear\">&nbsp;<\/div>\n<div class=\"shashinCaptionBottom shashinCaption\"><\/div>\n<\/div>\n<\/div>\n\n","protected":false},"excerpt":{"rendered":"<p>Durch ihre engagierten musikalischen und schauspielerischen Beitr\u00e4ge zur diesj\u00e4hrigen Weihnachtsfeier der Gerhart-Hauptmann-Grundschule<\/p>\n","protected":false},"author":6,"featured_media":0,"comment_status":"closed","ping_status":"closed","sticky":false,"template":"","format":"standard","meta":{"ngg_post_thumbnail":0,"footnotes":""},"categories":[1],"tags":[],"class_list":["post-372","post","type-post","status-publish","format-standard","hentry","category-allgemein","category-1-id","post-seq-1","post-parity-odd","meta-position-corners","fix"],"_links":{"self":[{"href":"https:\/\/www.gerhart-hauptmann-grundschule.de\/verwaltung\/index.php?rest_route=\/wp\/v2\/posts\/372","targetHints":{"allow":["GET"]}}],"collection":[{"href":"https:\/\/www.gerhart-hauptmann-grundschule.de\/verwaltung\/index.php?rest_route=\/wp\/v2\/posts"}],"about":[{"href":"https:\/\/www.gerhart-hauptmann-grundschule.de\/verwaltung\/index.php?rest_route=\/wp\/v2\/types\/post"}],"author":[{"embeddable":true,"href":"https:\/\/www.gerhart-hauptmann-grundschule.de\/verwaltung\/index.php?rest_route=\/wp\/v2\/users\/6"}],"replies":[{"embeddable":true,"href":"https:\/\/www.gerhart-hauptmann-grundschule.de\/verwaltung\/index.php?rest_route=%2Fwp%2Fv2%2Fcomments&post=372"}],"version-history":[{"count":5,"href":"https:\/\/www.gerhart-hauptmann-grundschule.de\/verwaltung\/index.php?rest_route=\/wp\/v2\/posts\/372\/revisions"}],"predecessor-version":[{"id":377,"href":"https:\/\/www.gerhart-hauptmann-grundschule.de\/verwaltung\/index.php?rest_route=\/wp\/v2\/posts\/372\/revisions\/377"}],"wp:attachment":[{"href":"https:\/\/www.gerhart-hauptmann-grundschule.de\/verwaltung\/index.php?rest_route=%2Fwp%2Fv2%2Fmedia&parent=372"}],"wp:term":[{"taxonomy":"category","embeddable":true,"href":"https:\/\/www.gerhart-hauptmann-grundschule.de\/verwaltung\/index.php?rest_route=%2Fwp%2Fv2%2Fcategories&post=372"},{"taxonomy":"post_tag","embeddable":true,"href":"https:\/\/www.gerhart-hauptmann-grundschule.de\/verwaltung\/index.php?rest_route=%2Fwp%2Fv2%2Ftags&post=372"}],"curies":[{"name":"wp","href":"https:\/\/api.w.org\/{rel}","templated":true}]}}