{"id":381,"date":"2012-03-28T17:49:02","date_gmt":"2012-03-28T15:49:02","guid":{"rendered":"http:\/\/gerhart-hauptmann-grundschule.de\/verwaltung\/?p=381"},"modified":"2012-03-30T22:32:02","modified_gmt":"2012-03-30T20:32:02","slug":"zirkuszauber-an-der-gerhart-hauptmann-schule","status":"publish","type":"post","link":"https:\/\/www.gerhart-hauptmann-grundschule.de\/verwaltung\/?p=381","title":{"rendered":"Zirkuszauber an der Gerhart-Hauptmann-Schule"},"content":{"rendered":"<p>Auch in diesem Schuljahr haben wir\u00a0 wieder ein faszinierendes Projekt<strong> <!--more--><\/strong>f\u00fcr unsere Sch\u00fclerinnen und Sch\u00fcler organisiert:<\/p>\n<p style=\"text-align: center;\" align=\"center\"><span style=\"text-decoration: underline; color: #000000;\"><span style=\"font-size: x-large; text-decoration: underline;\"><em>Eine<\/em><em> <\/em><em>Woche<\/em><em> <\/em><em>Zirkuszauber<\/em><\/span><\/span><\/p>\n<p>Von Montag, dem 19. M\u00e4rz bis Samstag, dem 24. April 2012,<\/p>\n<p>hie\u00df es<\/p>\n<p style=\"text-align: center;\"><span style=\"font-size: xx-large;\"><strong>\u00a0\u00a0\u00a0\u00a0\u00a0\u00a0\u00a0\u00a0\u00a0\u00a0\u00a0\u00a0\u00a0\u00a0\u00a0\u00a0\u00a0\u00a0\u00a0\u00a0\u00a0\u00a0\u00a0\u00a0\u00a0\u00a0\u00a0\u00a0\u00a0\u00a0\u00a0\u00a0\u00a0\u00a0\u00a0\u00a0 \u201e <\/strong><strong><em>Manege frei\u201c<\/em><\/strong><\/span><\/p>\n<p>Die Kinder der Schule schl\u00fcpften in verschiedene Artistenrollen, die sie sich selbst ausgesucht hatten und die sie mit den Artisten des Zirkus Payazzo einstudiert haben.<\/p>\n<p>Daf\u00fcr gab es sogar einen Akrobatikstundenplan.<\/p>\n<p>Lustige Clowns forderten die Lachmuskeln der Zuschauer heraus, Trapez- und Seilk\u00fcnstler raubten den Zuschauern den Atem. Die dargebotene Orientalshow mit Feuerspuckern,\u00a0 Bauch- und mutigem Glasscherbentanz werden auch zu den unvergesslichen Erlebnissen geh\u00f6ren. Doch damit immer noch nicht genug: Auch Zaubern war angesagt!<\/p>\n<p>Das alles konnten die Zuschauer, abwechselnd dargeboten von den Kindern und Artisten, in zwei verschiedenen Vorstellungen am Samstag genie\u00dfen.<\/p>\n<p>Die 1. Vorstellung fand am\u00a0 Samstag, dem 24. 03. um 11 Uhr, die\u00a0\u00a0\u00a0\u00a0\u00a0\u00a0\u00a0 2. Vorstellung um 15 Uhr, statt.<\/p>\n<p>Bei so viel Aufregung musste man sich nat\u00fcrlich st\u00e4rken.<\/p>\n<p>Daf\u00fcr war gesorgt! Viele selbstgebackene Kuchen, Kaffee und leckere t\u00fcrkische Spezialit\u00e4ten waren Dank vieler Elternspenden und Elternhilfen beim Verkauf\u00a0 beim Zirkuszelt f\u00fcr unsere G\u00e4ste vorbereitet!<\/p>\n<p>Die strahlenden Kinderaugen nach den Auftritten zeigten, wie sehr die Kinder ihren Auftritt und den Applaus der G\u00e4ste genossen haben.<\/p>\n<p>Nie im Leben werden sie diese Erlebnisse in einer echten Zirkusmanege vergessen.<\/p>\n<p>Neben den engagierten Eltern, die durch die gespendeten Angebote an den Verpflegungsst\u00e4nden und durch ihre Mitarbeit an den St\u00e4nden die Finanzierung des Projektes erm\u00f6glicht haben, gilt unser Dank insbesondere der Volksbank Kamen-Werne, die das Projekt mit einer gro\u00dfz\u00fcgigen Spende von 2 500,- \u20ac unterst\u00fctzt hat.<\/p>\n<p>&nbsp;<\/p>\n<p style=\"text-align: center;\"><div class=\"shashinPhotoGroups\"><div class=\"shashinThumbnailsTable\" id=\"shashinGroup_1\" style=\"margin-left: auto; margin-right: auto;\">\n<div class=\"shashinCaption\"><\/div>\n<div class=\"shashinTableRow\">\n<div class=\"shashinTableCell\" data-original_width=\"100%\" style=\" width: 100%; max-width: 150px;\"><div class=\"shashinThumbnailWrapper\"><a href=\"https:\/\/picasaweb.google.com\/113799244908581031241\/Zirkusprojekt2012\" id=\"shashinAlbumThumbLink_img_7\" data-ShashinAlbum=\"7\" class=\"shashinAlbumThumbLink\"><img decoding=\"async\" src=\"https:\/\/lh5.googleusercontent.com\/-tdLnveszfwU\/T3YQJ5QIx8E\/AAAAAAAAA1o\/AYYgrMUdA6c\/s150\/Zirkusprojekt2012.jpg\" alt=\"Zirkusprojekt 2012\" title=\"Zirkusprojekt 2012\" width=\"150\" class=\"shashinThumbnailImage\" id=\"shashinThumbnailImage_1\" \/><\/a><div class=\"shashinThumbnailCaption\"><span class=\"shashinAlbumCaptionTitle\"><a href=\"https:\/\/picasaweb.google.com\/113799244908581031241\/Zirkusprojekt2012\" id=\"shashinAlbumThumbLink_caption_7\" data-ShashinAlbum=\"7\" class=\"shashinAlbumThumbLink\">Zirkusprojekt 2012<\/a><\/span><\/div>\n<\/div><\/div>\n<\/div><div class=\"shashinTableRowClear\">&nbsp;<\/div>\n<div class=\"shashinCaptionBottom shashinCaption\"><\/div>\n<\/div>\n<\/div>\n<\/p>\n","protected":false},"excerpt":{"rendered":"<p>Auch in diesem Schuljahr haben wir\u00a0 wieder ein faszinierendes Projekt<\/p>\n","protected":false},"author":6,"featured_media":0,"comment_status":"closed","ping_status":"closed","sticky":false,"template":"","format":"standard","meta":{"ngg_post_thumbnail":0,"footnotes":""},"categories":[1],"tags":[],"class_list":["post-381","post","type-post","status-publish","format-standard","hentry","category-allgemein","category-1-id","post-seq-1","post-parity-odd","meta-position-corners","fix"],"_links":{"self":[{"href":"https:\/\/www.gerhart-hauptmann-grundschule.de\/verwaltung\/index.php?rest_route=\/wp\/v2\/posts\/381","targetHints":{"allow":["GET"]}}],"collection":[{"href":"https:\/\/www.gerhart-hauptmann-grundschule.de\/verwaltung\/index.php?rest_route=\/wp\/v2\/posts"}],"about":[{"href":"https:\/\/www.gerhart-hauptmann-grundschule.de\/verwaltung\/index.php?rest_route=\/wp\/v2\/types\/post"}],"author":[{"embeddable":true,"href":"https:\/\/www.gerhart-hauptmann-grundschule.de\/verwaltung\/index.php?rest_route=\/wp\/v2\/users\/6"}],"replies":[{"embeddable":true,"href":"https:\/\/www.gerhart-hauptmann-grundschule.de\/verwaltung\/index.php?rest_route=%2Fwp%2Fv2%2Fcomments&post=381"}],"version-history":[{"count":7,"href":"https:\/\/www.gerhart-hauptmann-grundschule.de\/verwaltung\/index.php?rest_route=\/wp\/v2\/posts\/381\/revisions"}],"predecessor-version":[{"id":390,"href":"https:\/\/www.gerhart-hauptmann-grundschule.de\/verwaltung\/index.php?rest_route=\/wp\/v2\/posts\/381\/revisions\/390"}],"wp:attachment":[{"href":"https:\/\/www.gerhart-hauptmann-grundschule.de\/verwaltung\/index.php?rest_route=%2Fwp%2Fv2%2Fmedia&parent=381"}],"wp:term":[{"taxonomy":"category","embeddable":true,"href":"https:\/\/www.gerhart-hauptmann-grundschule.de\/verwaltung\/index.php?rest_route=%2Fwp%2Fv2%2Fcategories&post=381"},{"taxonomy":"post_tag","embeddable":true,"href":"https:\/\/www.gerhart-hauptmann-grundschule.de\/verwaltung\/index.php?rest_route=%2Fwp%2Fv2%2Ftags&post=381"}],"curies":[{"name":"wp","href":"https:\/\/api.w.org\/{rel}","templated":true}]}}