{"id":406,"date":"2012-08-23T22:32:15","date_gmt":"2012-08-23T20:32:15","guid":{"rendered":"http:\/\/gerhart-hauptmann-grundschule.de\/verwaltung\/?p=406"},"modified":"2012-09-18T22:33:08","modified_gmt":"2012-09-18T20:33:08","slug":"einschulung-2012","status":"publish","type":"post","link":"https:\/\/www.gerhart-hauptmann-grundschule.de\/verwaltung\/?p=406","title":{"rendered":"Einschulung 2012"},"content":{"rendered":"<p>Bei sch\u00f6nstem Kaiserwetter\u00a0<!--more-->sind heute die neuen Schulanf\u00e4nger in der Gerhart-Hauptmann-Schule begr\u00fc\u00dft worden. \u00a0Das Programm der Einschulungsfeier in der Dreifachturnhalle wurde traditionell von den Kindern der 2. Klassen gestaltet. Sie sangen ein Willkommenslied und stellten ihre im Jeki-Unterricht erworbenen Trommelk\u00fcnste auf den selbstgebauten Trommel vor. Auch die Jeki-Lehrer trugen einen musikalischen Part zur Feierstunde bei. Zum Abschluss luden die Zweitkl\u00e4ssler die Schulanf\u00e4nger zum gemeinsamen Schwungtuch-Schwingen ein. Der abschlie\u00dfende Weg zur ersten Schulstunde in die Klassen f\u00fchrte die neuen Erstkl\u00e4ssler durch ein Spalier ihrer Beifall klatschenden Schulkameraden.<\/p>\n<p><a href=\"http:\/\/gerhart-hauptmann-grundschule.de\/verwaltung\/?page_id=544\">Zu den Fotos<\/a><\/p>\n","protected":false},"excerpt":{"rendered":"<p>Bei sch\u00f6nstem Kaiserwetter\u00a0<\/p>\n","protected":false},"author":6,"featured_media":0,"comment_status":"closed","ping_status":"closed","sticky":false,"template":"","format":"standard","meta":{"ngg_post_thumbnail":0,"footnotes":""},"categories":[1],"tags":[],"class_list":["post-406","post","type-post","status-publish","format-standard","hentry","category-allgemein","category-1-id","post-seq-1","post-parity-odd","meta-position-corners","fix"],"_links":{"self":[{"href":"https:\/\/www.gerhart-hauptmann-grundschule.de\/verwaltung\/index.php?rest_route=\/wp\/v2\/posts\/406","targetHints":{"allow":["GET"]}}],"collection":[{"href":"https:\/\/www.gerhart-hauptmann-grundschule.de\/verwaltung\/index.php?rest_route=\/wp\/v2\/posts"}],"about":[{"href":"https:\/\/www.gerhart-hauptmann-grundschule.de\/verwaltung\/index.php?rest_route=\/wp\/v2\/types\/post"}],"author":[{"embeddable":true,"href":"https:\/\/www.gerhart-hauptmann-grundschule.de\/verwaltung\/index.php?rest_route=\/wp\/v2\/users\/6"}],"replies":[{"embeddable":true,"href":"https:\/\/www.gerhart-hauptmann-grundschule.de\/verwaltung\/index.php?rest_route=%2Fwp%2Fv2%2Fcomments&post=406"}],"version-history":[{"count":4,"href":"https:\/\/www.gerhart-hauptmann-grundschule.de\/verwaltung\/index.php?rest_route=\/wp\/v2\/posts\/406\/revisions"}],"predecessor-version":[{"id":409,"href":"https:\/\/www.gerhart-hauptmann-grundschule.de\/verwaltung\/index.php?rest_route=\/wp\/v2\/posts\/406\/revisions\/409"}],"wp:attachment":[{"href":"https:\/\/www.gerhart-hauptmann-grundschule.de\/verwaltung\/index.php?rest_route=%2Fwp%2Fv2%2Fmedia&parent=406"}],"wp:term":[{"taxonomy":"category","embeddable":true,"href":"https:\/\/www.gerhart-hauptmann-grundschule.de\/verwaltung\/index.php?rest_route=%2Fwp%2Fv2%2Fcategories&post=406"},{"taxonomy":"post_tag","embeddable":true,"href":"https:\/\/www.gerhart-hauptmann-grundschule.de\/verwaltung\/index.php?rest_route=%2Fwp%2Fv2%2Ftags&post=406"}],"curies":[{"name":"wp","href":"https:\/\/api.w.org\/{rel}","templated":true}]}}