{"id":44,"date":"2008-09-11T20:56:32","date_gmt":"2008-09-11T18:56:32","guid":{"rendered":"http:\/\/gerhart-hauptmann-grundschule.de\/verwaltung\/?p=44"},"modified":"2009-10-12T20:56:57","modified_gmt":"2009-10-12T18:56:57","slug":"alevitischer-religionsunterricht","status":"publish","type":"post","link":"https:\/\/www.gerhart-hauptmann-grundschule.de\/verwaltung\/?p=44","title":{"rendered":"Alevitischer Religionsunterricht"},"content":{"rendered":"<p class=\"teaser\">Die Gerhart-Hauptmann-Schule nimmt am Schulversuch des Landes  Nordrhein-Westfalen teil<!--more--><\/p>\n<p class=\"newstext\">Ein besonderer Tag war heute f\u00fcr unsere Schulkinder  alevitschen Glaubens. Zum ersten Mal fand ein Religionsunterricht im  alevitischen Glauben an unserer Schule statt. Jeweils donnerstags wird dieser  Unterricht zuk\u00fcnftig f\u00fcr 9 Kinder unserer Schule und f\u00fcr zwei Kinder der  Schillerschule und drei Kinder der Pfalzschule nachmittags stattfinden. Der  Unterricht wird in deutscher Sprache von der Lehrerin Birg\u00fcl Tuna erteilt und  der Besuch des Unterrichts ist nach der erfolgten Anmeldung durch die Eltern der  Kinder f\u00fcr ein Schuljahr verpflichtend. Die Noten sind versetzungsrelevant. Ein  gro\u00dfes Aufgebot an Eltern und ein Fernsehteam des WDR waren zum Start des  Unterrichtsprojektes als Schulversuch erschienen. Der Schulleiter Herr Teumert  bedankte sich bei den Eltern f\u00fcr Ihr Engagement und w\u00fcnschte den Kindern viel  Freude und gute Erfahrungen beim Lernen im neuen Fach.<\/p>\n<p class=\"autor\">Autor des Artikels: WalterTeumert, <a href=\"mailto:teumert@gerhart-hauptmann-grundschule.de\">teumert@gerhart-hauptmann-grundschule.de<\/a><\/p>\n","protected":false},"excerpt":{"rendered":"<p>Die Gerhart-Hauptmann-Schule nimmt am Schulversuch des Landes Nordrhein-Westfalen teil<\/p>\n","protected":false},"author":6,"featured_media":0,"comment_status":"closed","ping_status":"closed","sticky":false,"template":"","format":"standard","meta":{"ngg_post_thumbnail":0,"footnotes":""},"categories":[1],"tags":[],"class_list":["post-44","post","type-post","status-publish","format-standard","hentry","category-allgemein","category-1-id","post-seq-1","post-parity-odd","meta-position-corners","fix"],"_links":{"self":[{"href":"https:\/\/www.gerhart-hauptmann-grundschule.de\/verwaltung\/index.php?rest_route=\/wp\/v2\/posts\/44","targetHints":{"allow":["GET"]}}],"collection":[{"href":"https:\/\/www.gerhart-hauptmann-grundschule.de\/verwaltung\/index.php?rest_route=\/wp\/v2\/posts"}],"about":[{"href":"https:\/\/www.gerhart-hauptmann-grundschule.de\/verwaltung\/index.php?rest_route=\/wp\/v2\/types\/post"}],"author":[{"embeddable":true,"href":"https:\/\/www.gerhart-hauptmann-grundschule.de\/verwaltung\/index.php?rest_route=\/wp\/v2\/users\/6"}],"replies":[{"embeddable":true,"href":"https:\/\/www.gerhart-hauptmann-grundschule.de\/verwaltung\/index.php?rest_route=%2Fwp%2Fv2%2Fcomments&post=44"}],"version-history":[{"count":2,"href":"https:\/\/www.gerhart-hauptmann-grundschule.de\/verwaltung\/index.php?rest_route=\/wp\/v2\/posts\/44\/revisions"}],"predecessor-version":[{"id":46,"href":"https:\/\/www.gerhart-hauptmann-grundschule.de\/verwaltung\/index.php?rest_route=\/wp\/v2\/posts\/44\/revisions\/46"}],"wp:attachment":[{"href":"https:\/\/www.gerhart-hauptmann-grundschule.de\/verwaltung\/index.php?rest_route=%2Fwp%2Fv2%2Fmedia&parent=44"}],"wp:term":[{"taxonomy":"category","embeddable":true,"href":"https:\/\/www.gerhart-hauptmann-grundschule.de\/verwaltung\/index.php?rest_route=%2Fwp%2Fv2%2Fcategories&post=44"},{"taxonomy":"post_tag","embeddable":true,"href":"https:\/\/www.gerhart-hauptmann-grundschule.de\/verwaltung\/index.php?rest_route=%2Fwp%2Fv2%2Ftags&post=44"}],"curies":[{"name":"wp","href":"https:\/\/api.w.org\/{rel}","templated":true}]}}