{"id":48,"date":"2008-11-21T20:57:50","date_gmt":"2008-11-21T18:57:50","guid":{"rendered":"http:\/\/gerhart-hauptmann-grundschule.de\/verwaltung\/?p=48"},"modified":"2009-10-12T20:59:44","modified_gmt":"2009-10-12T18:59:44","slug":"lesung-in-rottgers-gartencenter","status":"publish","type":"post","link":"https:\/\/www.gerhart-hauptmann-grundschule.de\/verwaltung\/?p=48","title":{"rendered":"Lesung in r\u00f6ttger&#8217;s Gartencenter"},"content":{"rendered":"<p class=\"teaser\">Viertkl\u00e4ssler unserer Schule zum Lesen motiviert<!--more--><\/p>\n<p class=\"newstext\">In diesem Jahr wurde zum dritten Mal die Aktion &#8222;WDR 5 liest  vor&#8220; durchgef\u00fchrt. Gestern gab es bundesweit an 55 Orten einen Vorlese-Tag, der  in Bergkamen im weihnachtlich geschm\u00fcckten Gartencenter r\u00f6ttger stattfand.  Eingeladen waren Sch\u00fclerinnen und Sch\u00fcler aus den \u00f6rtlichen Grundschulen. Von  unserer Schule besuchten Kinder aus den Klassen 4a und 4c zusammen mit einigen  Eltern diese Veranstaltung.<br \/>\nJ\u00f6rg Hustiak vom WDR las aus Charles Dickens  Weihnachtsgeschichte. Einige Kinder waren von seinem Vortrag so beeindruckt,  dass sie das ganze Buch lesen wollen. Wie gut, dass r\u00f6ttger unserer Schule ein  Exemplar geschenkt hat. In unserer neuen Leseoase wartet es jetzt auf seine  Leser.<\/p>\n<p class=\"autor\">Autor des Artikels: WalterTeumert, <a href=\"mailto:teumert@gerhart-hauptmann-grundschule.de\">teumert@gerhart-hauptmann-grundschule.de<\/a><\/p>\n","protected":false},"excerpt":{"rendered":"<p>Viertkl\u00e4ssler unserer Schule zum Lesen motiviert<\/p>\n","protected":false},"author":6,"featured_media":0,"comment_status":"closed","ping_status":"closed","sticky":false,"template":"","format":"standard","meta":{"ngg_post_thumbnail":0,"footnotes":""},"categories":[1],"tags":[],"class_list":["post-48","post","type-post","status-publish","format-standard","hentry","category-allgemein","category-1-id","post-seq-1","post-parity-odd","meta-position-corners","fix"],"_links":{"self":[{"href":"https:\/\/www.gerhart-hauptmann-grundschule.de\/verwaltung\/index.php?rest_route=\/wp\/v2\/posts\/48","targetHints":{"allow":["GET"]}}],"collection":[{"href":"https:\/\/www.gerhart-hauptmann-grundschule.de\/verwaltung\/index.php?rest_route=\/wp\/v2\/posts"}],"about":[{"href":"https:\/\/www.gerhart-hauptmann-grundschule.de\/verwaltung\/index.php?rest_route=\/wp\/v2\/types\/post"}],"author":[{"embeddable":true,"href":"https:\/\/www.gerhart-hauptmann-grundschule.de\/verwaltung\/index.php?rest_route=\/wp\/v2\/users\/6"}],"replies":[{"embeddable":true,"href":"https:\/\/www.gerhart-hauptmann-grundschule.de\/verwaltung\/index.php?rest_route=%2Fwp%2Fv2%2Fcomments&post=48"}],"version-history":[{"count":3,"href":"https:\/\/www.gerhart-hauptmann-grundschule.de\/verwaltung\/index.php?rest_route=\/wp\/v2\/posts\/48\/revisions"}],"predecessor-version":[{"id":54,"href":"https:\/\/www.gerhart-hauptmann-grundschule.de\/verwaltung\/index.php?rest_route=\/wp\/v2\/posts\/48\/revisions\/54"}],"wp:attachment":[{"href":"https:\/\/www.gerhart-hauptmann-grundschule.de\/verwaltung\/index.php?rest_route=%2Fwp%2Fv2%2Fmedia&parent=48"}],"wp:term":[{"taxonomy":"category","embeddable":true,"href":"https:\/\/www.gerhart-hauptmann-grundschule.de\/verwaltung\/index.php?rest_route=%2Fwp%2Fv2%2Fcategories&post=48"},{"taxonomy":"post_tag","embeddable":true,"href":"https:\/\/www.gerhart-hauptmann-grundschule.de\/verwaltung\/index.php?rest_route=%2Fwp%2Fv2%2Ftags&post=48"}],"curies":[{"name":"wp","href":"https:\/\/api.w.org\/{rel}","templated":true}]}}