{"id":55,"date":"2008-11-25T21:02:35","date_gmt":"2008-11-25T19:02:35","guid":{"rendered":"http:\/\/gerhart-hauptmann-grundschule.de\/verwaltung\/?p=55"},"modified":"2009-10-12T21:02:56","modified_gmt":"2009-10-12T19:02:56","slug":"gerhart-hauptmann-schuler-trafen-minister-pinkwart","status":"publish","type":"post","link":"https:\/\/www.gerhart-hauptmann-grundschule.de\/verwaltung\/?p=55","title":{"rendered":"Gerhart-Hauptmann-Sch\u00fcler trafen Minister Pinkwart"},"content":{"rendered":"<p class=\"teaser\">Kinder der Klasse 4b pr\u00e4sentierten selbst gebaute  Automodelle<\/p>\n<p class=\"teaser\"><!--more--><\/p>\n<p class=\"newstext\">Am 19.11.08 wurde mit einem Festakt das  Zukunft-durch-Innovation- Zentrum \u201eKreis Unna\u201c er\u00f6ffnet. Dieses Zentrum hat sich  zum Ziel gesetzt bei Kindern und Jugendlichen das Interesse f\u00fcr  Naturwissenschaft und Technik zu wecken.<br \/>\nEingeladen waren auch Sch\u00fcler und  Sch\u00fclerinnen der Klasse 4b, um an einem Stand ihre im Mai an drei Projekttagen  unter Leitung von Herrn Geukes selbst gebauten Elektroautos zu pr\u00e4sentieren.<br \/>\nInnovationsminister Prof. Dr. Pinkwart zeigte sehr gro\u00dfes Interesse an den  Fahrzeugen und lie\u00df sich von den Kindern detailliert die Konstruktion und den  Bau schildern.<br \/>\nDie Sch\u00fclerinnen und Sch\u00fcler zeigten sich von der  Aufmerksamkeit seitens Minister und Medien beeindruckt. Sie freuten sich \u00fcber  die W\u00fcrdigung ihrer Arbeit.<\/p>\n<p class=\"autor\">Autor des Artikels: WalterTeumert, <a href=\"mailto:teumert@gerhart-hauptmann-grundschule.de\">teumert@gerhart-hauptmann-grundschule.de<\/a><\/p>\n<p><img loading=\"lazy\" decoding=\"async\" class=\"alignleft size-medium wp-image-56\" title=\"1245002062autoprojekt001\" src=\"http:\/\/gerhart-hauptmann-grundschule.de\/verwaltung\/wp-content\/uploads\/2009\/10\/1245002062autoprojekt001-300x224.jpg\" alt=\"1245002062autoprojekt001\" width=\"300\" height=\"224\" srcset=\"https:\/\/www.gerhart-hauptmann-grundschule.de\/verwaltung\/wp-content\/uploads\/2009\/10\/1245002062autoprojekt001-300x224.jpg 300w, https:\/\/www.gerhart-hauptmann-grundschule.de\/verwaltung\/wp-content\/uploads\/2009\/10\/1245002062autoprojekt001.jpg 458w\" sizes=\"auto, (max-width: 300px) 100vw, 300px\" \/><\/p>\n","protected":false},"excerpt":{"rendered":"<p>Kinder der Klasse 4b pr\u00e4sentierten selbst gebaute Automodelle<\/p>\n","protected":false},"author":6,"featured_media":0,"comment_status":"closed","ping_status":"closed","sticky":false,"template":"","format":"standard","meta":{"ngg_post_thumbnail":0,"footnotes":""},"categories":[1],"tags":[],"class_list":["post-55","post","type-post","status-publish","format-standard","hentry","category-allgemein","category-1-id","post-seq-1","post-parity-odd","meta-position-corners","fix"],"_links":{"self":[{"href":"https:\/\/www.gerhart-hauptmann-grundschule.de\/verwaltung\/index.php?rest_route=\/wp\/v2\/posts\/55","targetHints":{"allow":["GET"]}}],"collection":[{"href":"https:\/\/www.gerhart-hauptmann-grundschule.de\/verwaltung\/index.php?rest_route=\/wp\/v2\/posts"}],"about":[{"href":"https:\/\/www.gerhart-hauptmann-grundschule.de\/verwaltung\/index.php?rest_route=\/wp\/v2\/types\/post"}],"author":[{"embeddable":true,"href":"https:\/\/www.gerhart-hauptmann-grundschule.de\/verwaltung\/index.php?rest_route=\/wp\/v2\/users\/6"}],"replies":[{"embeddable":true,"href":"https:\/\/www.gerhart-hauptmann-grundschule.de\/verwaltung\/index.php?rest_route=%2Fwp%2Fv2%2Fcomments&post=55"}],"version-history":[{"count":2,"href":"https:\/\/www.gerhart-hauptmann-grundschule.de\/verwaltung\/index.php?rest_route=\/wp\/v2\/posts\/55\/revisions"}],"predecessor-version":[{"id":58,"href":"https:\/\/www.gerhart-hauptmann-grundschule.de\/verwaltung\/index.php?rest_route=\/wp\/v2\/posts\/55\/revisions\/58"}],"wp:attachment":[{"href":"https:\/\/www.gerhart-hauptmann-grundschule.de\/verwaltung\/index.php?rest_route=%2Fwp%2Fv2%2Fmedia&parent=55"}],"wp:term":[{"taxonomy":"category","embeddable":true,"href":"https:\/\/www.gerhart-hauptmann-grundschule.de\/verwaltung\/index.php?rest_route=%2Fwp%2Fv2%2Fcategories&post=55"},{"taxonomy":"post_tag","embeddable":true,"href":"https:\/\/www.gerhart-hauptmann-grundschule.de\/verwaltung\/index.php?rest_route=%2Fwp%2Fv2%2Ftags&post=55"}],"curies":[{"name":"wp","href":"https:\/\/api.w.org\/{rel}","templated":true}]}}