{"id":553,"date":"2012-09-17T22:25:56","date_gmt":"2012-09-17T20:25:56","guid":{"rendered":"http:\/\/gerhart-hauptmann-grundschule.de\/verwaltung\/?p=553"},"modified":"2012-09-19T22:27:35","modified_gmt":"2012-09-19T20:27:35","slug":"flohmarkt-2012","status":"publish","type":"post","link":"https:\/\/www.gerhart-hauptmann-grundschule.de\/verwaltung\/?p=553","title":{"rendered":"Flohmarkt 2012"},"content":{"rendered":"<p>Der <strong>elfte Flohmarkt<\/strong> der Gerhart-Hauptmann-Grundschule ist trotz k\u00fchler Witterung in angenehmer Atmosph\u00e4re f\u00fcr viele Besucher und Teilnehmer ein sch\u00f6nes Erlebnis gewesen. Die Kinder freuten sich \u00fcber die Einnahmen an ihren St\u00e4nden und hatten Freude am Feilschen. Wie in jedem Jahr ist der Reinerl\u00f6s aus dem Verkauf an den Verpflegungsst\u00e4nden f\u00fcr den F\u00f6rderverein bestimmt und wird den Kindern an der Schule zugute kommen. Der F\u00f6rderverein hat uns in diesem Jahr unter anderem bereits durch die Anschaffung von Pausenspielzeug, beim Programm Klasse 2000 (Gesundheitserziehung) und bei den Auff\u00fchrungen der theaterp\u00e4dagogischen Werkstatt Osnabr\u00fcck unterst\u00fctzt.<\/p>\n<p>Die erfolgreiche Durchf\u00fchrung des Flohmarktes war nur m\u00f6glich, weil engagierte Eltern, Lehrkr\u00e4fte und unsere Sekret\u00e4rin Frau Mazur zum Gelingen der Veranstaltung beigetragen haben, sei es durch Unterst\u00fctzung bei der Vorbereitung oder als Helfer an einem der Verpflegungsst\u00e4nde oder durch eine Torten-, Kuchen- oder durch eine Geldspende. Viele haben durch ihren Besuch den Flohmarkt belebt und durch den Kauf gehandelter Sachen oder Verzehr das Anliegen der Schule unterst\u00fctzt.<\/p>\n<p>Ihnen allen gilt ein <strong>herzliches Dankesch\u00f6n<\/strong>.<\/p>\n","protected":false},"excerpt":{"rendered":"<p>Der elfte Flohmarkt der Gerhart-Hauptmann-Grundschule ist trotz k\u00fchler Witterung in angenehmer Atmosph\u00e4re f\u00fcr viele Besucher und Teilnehmer ein sch\u00f6nes Erlebnis gewesen. Die Kinder freuten sich \u00fcber die Einnahmen an ihren St\u00e4nden und hatten Freude am Feilschen. Wie in jedem Jahr ist der Reinerl\u00f6s aus dem Verkauf an den Verpflegungsst\u00e4nden f\u00fcr den F\u00f6rderverein bestimmt und wird <a href='https:\/\/www.gerhart-hauptmann-grundschule.de\/verwaltung\/?p=553' class='excerpt-more'>[&#8230;]<\/a><\/p>\n","protected":false},"author":6,"featured_media":0,"comment_status":"closed","ping_status":"closed","sticky":false,"template":"","format":"standard","meta":{"ngg_post_thumbnail":0,"footnotes":""},"categories":[1],"tags":[],"class_list":["post-553","post","type-post","status-publish","format-standard","hentry","category-allgemein","category-1-id","post-seq-1","post-parity-odd","meta-position-corners","fix"],"_links":{"self":[{"href":"https:\/\/www.gerhart-hauptmann-grundschule.de\/verwaltung\/index.php?rest_route=\/wp\/v2\/posts\/553","targetHints":{"allow":["GET"]}}],"collection":[{"href":"https:\/\/www.gerhart-hauptmann-grundschule.de\/verwaltung\/index.php?rest_route=\/wp\/v2\/posts"}],"about":[{"href":"https:\/\/www.gerhart-hauptmann-grundschule.de\/verwaltung\/index.php?rest_route=\/wp\/v2\/types\/post"}],"author":[{"embeddable":true,"href":"https:\/\/www.gerhart-hauptmann-grundschule.de\/verwaltung\/index.php?rest_route=\/wp\/v2\/users\/6"}],"replies":[{"embeddable":true,"href":"https:\/\/www.gerhart-hauptmann-grundschule.de\/verwaltung\/index.php?rest_route=%2Fwp%2Fv2%2Fcomments&post=553"}],"version-history":[{"count":4,"href":"https:\/\/www.gerhart-hauptmann-grundschule.de\/verwaltung\/index.php?rest_route=\/wp\/v2\/posts\/553\/revisions"}],"predecessor-version":[{"id":557,"href":"https:\/\/www.gerhart-hauptmann-grundschule.de\/verwaltung\/index.php?rest_route=\/wp\/v2\/posts\/553\/revisions\/557"}],"wp:attachment":[{"href":"https:\/\/www.gerhart-hauptmann-grundschule.de\/verwaltung\/index.php?rest_route=%2Fwp%2Fv2%2Fmedia&parent=553"}],"wp:term":[{"taxonomy":"category","embeddable":true,"href":"https:\/\/www.gerhart-hauptmann-grundschule.de\/verwaltung\/index.php?rest_route=%2Fwp%2Fv2%2Fcategories&post=553"},{"taxonomy":"post_tag","embeddable":true,"href":"https:\/\/www.gerhart-hauptmann-grundschule.de\/verwaltung\/index.php?rest_route=%2Fwp%2Fv2%2Ftags&post=553"}],"curies":[{"name":"wp","href":"https:\/\/api.w.org\/{rel}","templated":true}]}}