{"id":616,"date":"2013-04-23T21:37:14","date_gmt":"2013-04-23T19:37:14","guid":{"rendered":"http:\/\/gerhart-hauptmann-grundschule.de\/verwaltung\/?p=616"},"modified":"2013-04-29T21:45:32","modified_gmt":"2013-04-29T19:45:32","slug":"kinderfest","status":"publish","type":"post","link":"https:\/\/www.gerhart-hauptmann-grundschule.de\/verwaltung\/?p=616","title":{"rendered":"Kinderfest"},"content":{"rendered":"<p>In der T\u00fcrkei ist der 23. April ein offizieller Feiertag f\u00fcr Kinder. <!--more-->Der Gr\u00fcnder der T\u00fcrkischen Republik, M. K. Atat\u00fcrk, f\u00fchrte im Jahr 1920 diesen Feiertag ein, um zwischen den Kindern die Br\u00fcderlichkeit, die Liebe und die Freundschaft zu f\u00f6rdern, damit sie als Erwachsene in Frieden miteinander leben k\u00f6nnen. Seit 1979 wird diesesr Feiertag auch in anderen L\u00e4ndern als internationales Kinderfest gefeiert.<\/p>\n<p>Auf Anregung der M\u00fctter der ersten Klassen, die am Rucksackprogramm zur Verbesserung der Bildungschancen der zugewanderten Familien teilnehmen, wurde dieses Fest heute auch zum ersten Mal an der Gerhart-Hauptmann-Schule gefeiert. Nach einer Schweigeminute zum Gedenken an die verstorbene Kollegin Frau Atmaca trugen die Kinder in der Turnhalle, unter Federf\u00fchrung der T\u00fcrkischlehrerin Frau G\u00fcltekin und mit Unterst\u00fctzung einer Mutter, einen Tanz, Gedichte und einige Lieder vor. Anschlie\u00dfend durften sie sich auf dem Schulhof an von Eltern geleiteten Spielst\u00e4nden wie Dosenwerfen, Stelzenlaufen, Kegeln, Torwandschie\u00dfen oder Korbballwerfen vergn\u00fcgen. In der Cafeteria wurde, ebenfalls mit Unterst\u00fctzung flei\u00dfiger Eltern, f\u00fcr das leibliche Wohl gesorgt. Zum Abschluss des Kinderfestes bekamen die Kinder in ihren Klassen ein kleines Geschenk \u00fcberreicht.<\/p>\n<p>Vielen Dank an die Eltern f\u00fcr die Kuchenspenden und die Hilfsbereitschaft w\u00e4hrend des Festes. Ohne Ihre Mitarbeit h\u00e4tte eine solche Aktion nicht stattfinden k\u00f6nnen.<\/p>\n","protected":false},"excerpt":{"rendered":"<p>In der T\u00fcrkei ist der 23. April ein offizieller Feiertag f\u00fcr Kinder.<\/p>\n","protected":false},"author":6,"featured_media":0,"comment_status":"closed","ping_status":"closed","sticky":false,"template":"","format":"standard","meta":{"ngg_post_thumbnail":0,"footnotes":""},"categories":[1],"tags":[],"class_list":["post-616","post","type-post","status-publish","format-standard","hentry","category-allgemein","category-1-id","post-seq-1","post-parity-odd","meta-position-corners","fix"],"_links":{"self":[{"href":"https:\/\/www.gerhart-hauptmann-grundschule.de\/verwaltung\/index.php?rest_route=\/wp\/v2\/posts\/616","targetHints":{"allow":["GET"]}}],"collection":[{"href":"https:\/\/www.gerhart-hauptmann-grundschule.de\/verwaltung\/index.php?rest_route=\/wp\/v2\/posts"}],"about":[{"href":"https:\/\/www.gerhart-hauptmann-grundschule.de\/verwaltung\/index.php?rest_route=\/wp\/v2\/types\/post"}],"author":[{"embeddable":true,"href":"https:\/\/www.gerhart-hauptmann-grundschule.de\/verwaltung\/index.php?rest_route=\/wp\/v2\/users\/6"}],"replies":[{"embeddable":true,"href":"https:\/\/www.gerhart-hauptmann-grundschule.de\/verwaltung\/index.php?rest_route=%2Fwp%2Fv2%2Fcomments&post=616"}],"version-history":[{"count":7,"href":"https:\/\/www.gerhart-hauptmann-grundschule.de\/verwaltung\/index.php?rest_route=\/wp\/v2\/posts\/616\/revisions"}],"predecessor-version":[{"id":621,"href":"https:\/\/www.gerhart-hauptmann-grundschule.de\/verwaltung\/index.php?rest_route=\/wp\/v2\/posts\/616\/revisions\/621"}],"wp:attachment":[{"href":"https:\/\/www.gerhart-hauptmann-grundschule.de\/verwaltung\/index.php?rest_route=%2Fwp%2Fv2%2Fmedia&parent=616"}],"wp:term":[{"taxonomy":"category","embeddable":true,"href":"https:\/\/www.gerhart-hauptmann-grundschule.de\/verwaltung\/index.php?rest_route=%2Fwp%2Fv2%2Fcategories&post=616"},{"taxonomy":"post_tag","embeddable":true,"href":"https:\/\/www.gerhart-hauptmann-grundschule.de\/verwaltung\/index.php?rest_route=%2Fwp%2Fv2%2Ftags&post=616"}],"curies":[{"name":"wp","href":"https:\/\/api.w.org\/{rel}","templated":true}]}}