{"id":629,"date":"2013-05-06T22:44:12","date_gmt":"2013-05-06T20:44:12","guid":{"rendered":"http:\/\/gerhart-hauptmann-grundschule.de\/verwaltung\/?p=629"},"modified":"2013-06-06T22:47:08","modified_gmt":"2013-06-06T20:47:08","slug":"verleihung-der-ehrenurkunden-2013","status":"publish","type":"post","link":"https:\/\/www.gerhart-hauptmann-grundschule.de\/verwaltung\/?p=629","title":{"rendered":"Verleihung der Ehrenurkunden 2013"},"content":{"rendered":"<p>So wie die Sonne heute gestrahlt hat, so strahlte es auch aus den Gesichtern<!--more--> der Sch\u00fclerinnen und Sch\u00fcler, die beim diesj\u00e4hrigen Sportfest Bestleistungen erzielt hatten. Unter dem Beifall aller Klassen und Lehrer der Gerhart-Hauptmann-Schule wurden ihnen die Ehrenurkunden auf dem Schulhof \u00fcberreicht.<\/p>\n<p><a href=\"http:\/\/gerhart-hauptmann-grundschule.de\/verwaltung\/wp-content\/uploads\/2013\/06\/K1024_P1120288.jpg\"><img loading=\"lazy\" decoding=\"async\" class=\"aligncenter size-large wp-image-632\" alt=\"K1024_P1120288\" src=\"http:\/\/gerhart-hauptmann-grundschule.de\/verwaltung\/wp-content\/uploads\/2013\/06\/K1024_P1120288-1024x577.jpg\" width=\"695\" height=\"391\" srcset=\"https:\/\/www.gerhart-hauptmann-grundschule.de\/verwaltung\/wp-content\/uploads\/2013\/06\/K1024_P1120288-1024x577.jpg 1024w, https:\/\/www.gerhart-hauptmann-grundschule.de\/verwaltung\/wp-content\/uploads\/2013\/06\/K1024_P1120288-300x169.jpg 300w, https:\/\/www.gerhart-hauptmann-grundschule.de\/verwaltung\/wp-content\/uploads\/2013\/06\/K1024_P1120288.jpg 1362w\" sizes=\"auto, (max-width: 695px) 100vw, 695px\" \/><\/a><\/p>\n<p><a href=\"http:\/\/gerhart-hauptmann-grundschule.de\/verwaltung\/wp-content\/uploads\/2013\/06\/K1024_P1120287.jpg\"><img loading=\"lazy\" decoding=\"async\" class=\"aligncenter size-large wp-image-633\" alt=\"K1024_P1120287\" src=\"http:\/\/gerhart-hauptmann-grundschule.de\/verwaltung\/wp-content\/uploads\/2013\/06\/K1024_P1120287-1024x577.jpg\" width=\"695\" height=\"391\" srcset=\"https:\/\/www.gerhart-hauptmann-grundschule.de\/verwaltung\/wp-content\/uploads\/2013\/06\/K1024_P1120287-1024x577.jpg 1024w, https:\/\/www.gerhart-hauptmann-grundschule.de\/verwaltung\/wp-content\/uploads\/2013\/06\/K1024_P1120287-300x169.jpg 300w, https:\/\/www.gerhart-hauptmann-grundschule.de\/verwaltung\/wp-content\/uploads\/2013\/06\/K1024_P1120287.jpg 1362w\" sizes=\"auto, (max-width: 695px) 100vw, 695px\" \/><\/a><\/p>\n<p><a href=\"http:\/\/gerhart-hauptmann-grundschule.de\/verwaltung\/wp-content\/uploads\/2013\/06\/K1024_P1120286.jpg\"><img loading=\"lazy\" decoding=\"async\" class=\"aligncenter size-large wp-image-634\" alt=\"K1024_P1120286\" src=\"http:\/\/gerhart-hauptmann-grundschule.de\/verwaltung\/wp-content\/uploads\/2013\/06\/K1024_P1120286-1024x577.jpg\" width=\"695\" height=\"391\" srcset=\"https:\/\/www.gerhart-hauptmann-grundschule.de\/verwaltung\/wp-content\/uploads\/2013\/06\/K1024_P1120286-1024x577.jpg 1024w, https:\/\/www.gerhart-hauptmann-grundschule.de\/verwaltung\/wp-content\/uploads\/2013\/06\/K1024_P1120286-300x169.jpg 300w, https:\/\/www.gerhart-hauptmann-grundschule.de\/verwaltung\/wp-content\/uploads\/2013\/06\/K1024_P1120286.jpg 1362w\" sizes=\"auto, (max-width: 695px) 100vw, 695px\" \/><\/a><\/p>\n<p><a href=\"http:\/\/gerhart-hauptmann-grundschule.de\/verwaltung\/wp-content\/uploads\/2013\/06\/K1024_P1120298.jpg\"><img loading=\"lazy\" decoding=\"async\" class=\"aligncenter size-large wp-image-631\" alt=\"K1024_P1120298\" src=\"http:\/\/gerhart-hauptmann-grundschule.de\/verwaltung\/wp-content\/uploads\/2013\/06\/K1024_P1120298-1024x577.jpg\" width=\"695\" height=\"391\" srcset=\"https:\/\/www.gerhart-hauptmann-grundschule.de\/verwaltung\/wp-content\/uploads\/2013\/06\/K1024_P1120298-1024x577.jpg 1024w, https:\/\/www.gerhart-hauptmann-grundschule.de\/verwaltung\/wp-content\/uploads\/2013\/06\/K1024_P1120298-300x169.jpg 300w, https:\/\/www.gerhart-hauptmann-grundschule.de\/verwaltung\/wp-content\/uploads\/2013\/06\/K1024_P1120298.jpg 1362w\" sizes=\"auto, (max-width: 695px) 100vw, 695px\" \/><\/a><\/p>\n","protected":false},"excerpt":{"rendered":"<p>So wie die Sonne heute gestrahlt hat, so strahlte es auch aus den Gesichtern<\/p>\n","protected":false},"author":6,"featured_media":0,"comment_status":"closed","ping_status":"closed","sticky":false,"template":"","format":"standard","meta":{"ngg_post_thumbnail":0,"footnotes":""},"categories":[1],"tags":[],"class_list":["post-629","post","type-post","status-publish","format-standard","hentry","category-allgemein","category-1-id","post-seq-1","post-parity-odd","meta-position-corners","fix"],"_links":{"self":[{"href":"https:\/\/www.gerhart-hauptmann-grundschule.de\/verwaltung\/index.php?rest_route=\/wp\/v2\/posts\/629","targetHints":{"allow":["GET"]}}],"collection":[{"href":"https:\/\/www.gerhart-hauptmann-grundschule.de\/verwaltung\/index.php?rest_route=\/wp\/v2\/posts"}],"about":[{"href":"https:\/\/www.gerhart-hauptmann-grundschule.de\/verwaltung\/index.php?rest_route=\/wp\/v2\/types\/post"}],"author":[{"embeddable":true,"href":"https:\/\/www.gerhart-hauptmann-grundschule.de\/verwaltung\/index.php?rest_route=\/wp\/v2\/users\/6"}],"replies":[{"embeddable":true,"href":"https:\/\/www.gerhart-hauptmann-grundschule.de\/verwaltung\/index.php?rest_route=%2Fwp%2Fv2%2Fcomments&post=629"}],"version-history":[{"count":5,"href":"https:\/\/www.gerhart-hauptmann-grundschule.de\/verwaltung\/index.php?rest_route=\/wp\/v2\/posts\/629\/revisions"}],"predecessor-version":[{"id":639,"href":"https:\/\/www.gerhart-hauptmann-grundschule.de\/verwaltung\/index.php?rest_route=\/wp\/v2\/posts\/629\/revisions\/639"}],"wp:attachment":[{"href":"https:\/\/www.gerhart-hauptmann-grundschule.de\/verwaltung\/index.php?rest_route=%2Fwp%2Fv2%2Fmedia&parent=629"}],"wp:term":[{"taxonomy":"category","embeddable":true,"href":"https:\/\/www.gerhart-hauptmann-grundschule.de\/verwaltung\/index.php?rest_route=%2Fwp%2Fv2%2Fcategories&post=629"},{"taxonomy":"post_tag","embeddable":true,"href":"https:\/\/www.gerhart-hauptmann-grundschule.de\/verwaltung\/index.php?rest_route=%2Fwp%2Fv2%2Ftags&post=629"}],"curies":[{"name":"wp","href":"https:\/\/api.w.org\/{rel}","templated":true}]}}