{"id":63,"date":"2009-02-02T21:06:10","date_gmt":"2009-02-02T19:06:10","guid":{"rendered":"http:\/\/gerhart-hauptmann-grundschule.de\/verwaltung\/?p=63"},"modified":"2009-10-12T21:06:25","modified_gmt":"2009-10-12T19:06:25","slug":"vizemeister-im-hallenfusball","status":"publish","type":"post","link":"https:\/\/www.gerhart-hauptmann-grundschule.de\/verwaltung\/?p=63","title":{"rendered":"Vizemeister im Hallenfu\u00dfball"},"content":{"rendered":"<p class=\"teaser\">Flei\u00dfiges Training mit zweitem Platz belohnt<!--more--><\/p>\n<p class=\"newstext\">Wiederum erfolgreich beteiligte sich die  Gerhart-Hauptmann-Schule an den Stadtmeisterschaften im Hallenfu\u00dfball. Nach drei  Siegen in der Vorrunde ben\u00f6tigte die Mannschaft im Halbfinale etwas Gl\u00fcck; denn  nach der regul\u00e4ren Spielzeit von 10 Minuten stand es zwischen der Preinschule  und unserer Schulmannschaft unentschieden 1:1. Doch treffsichere  Siebenmetersch\u00fctzen sorgten f\u00fcr einen knappen 4:3 Erfolg. Im abschlie\u00dfenden  Endspiel unterlag die Mannschaft der GHS dann der Pestalozzischule mit 2:4. Wir  gratulieren den Siegern und freuen uns \u00fcber einen ausgezeichneten 2. Platz, der  nach dem Training in der Fu\u00dfball-Arbeitsgemeinschaft unter Leitung von Herrn  Fahling ein verdienter Lohn ist.<\/p>\n<p class=\"autor\">Autor des Artikels: WalterTeumert, <a href=\"mailto:teumert@gerhart-hauptmann-grundschule.de\">teumert@gerhart-hauptmann-grundschule.de<\/a><\/p>\n","protected":false},"excerpt":{"rendered":"<p>Flei\u00dfiges Training mit zweitem Platz belohnt<\/p>\n","protected":false},"author":6,"featured_media":0,"comment_status":"closed","ping_status":"closed","sticky":false,"template":"","format":"standard","meta":{"ngg_post_thumbnail":0,"footnotes":""},"categories":[1],"tags":[],"class_list":["post-63","post","type-post","status-publish","format-standard","hentry","category-allgemein","category-1-id","post-seq-1","post-parity-odd","meta-position-corners","fix"],"_links":{"self":[{"href":"https:\/\/www.gerhart-hauptmann-grundschule.de\/verwaltung\/index.php?rest_route=\/wp\/v2\/posts\/63","targetHints":{"allow":["GET"]}}],"collection":[{"href":"https:\/\/www.gerhart-hauptmann-grundschule.de\/verwaltung\/index.php?rest_route=\/wp\/v2\/posts"}],"about":[{"href":"https:\/\/www.gerhart-hauptmann-grundschule.de\/verwaltung\/index.php?rest_route=\/wp\/v2\/types\/post"}],"author":[{"embeddable":true,"href":"https:\/\/www.gerhart-hauptmann-grundschule.de\/verwaltung\/index.php?rest_route=\/wp\/v2\/users\/6"}],"replies":[{"embeddable":true,"href":"https:\/\/www.gerhart-hauptmann-grundschule.de\/verwaltung\/index.php?rest_route=%2Fwp%2Fv2%2Fcomments&post=63"}],"version-history":[{"count":2,"href":"https:\/\/www.gerhart-hauptmann-grundschule.de\/verwaltung\/index.php?rest_route=\/wp\/v2\/posts\/63\/revisions"}],"predecessor-version":[{"id":65,"href":"https:\/\/www.gerhart-hauptmann-grundschule.de\/verwaltung\/index.php?rest_route=\/wp\/v2\/posts\/63\/revisions\/65"}],"wp:attachment":[{"href":"https:\/\/www.gerhart-hauptmann-grundschule.de\/verwaltung\/index.php?rest_route=%2Fwp%2Fv2%2Fmedia&parent=63"}],"wp:term":[{"taxonomy":"category","embeddable":true,"href":"https:\/\/www.gerhart-hauptmann-grundschule.de\/verwaltung\/index.php?rest_route=%2Fwp%2Fv2%2Fcategories&post=63"},{"taxonomy":"post_tag","embeddable":true,"href":"https:\/\/www.gerhart-hauptmann-grundschule.de\/verwaltung\/index.php?rest_route=%2Fwp%2Fv2%2Ftags&post=63"}],"curies":[{"name":"wp","href":"https:\/\/api.w.org\/{rel}","templated":true}]}}