{"id":66,"date":"2009-10-12T21:09:09","date_gmt":"2009-10-12T19:09:09","guid":{"rendered":"http:\/\/gerhart-hauptmann-grundschule.de\/verwaltung\/?p=66"},"modified":"2009-10-12T21:09:09","modified_gmt":"2009-10-12T19:09:09","slug":"vierzig-zweitklassler-lernen-ein-instrument","status":"publish","type":"post","link":"https:\/\/www.gerhart-hauptmann-grundschule.de\/verwaltung\/?p=66","title":{"rendered":"Vierzig Zweitkl\u00e4ssler lernen ein Instrument"},"content":{"rendered":"<p class=\"teaser\">Sponsoren sichern das Jeki-Projekt<!--more--><\/p>\n<p class=\"newstext\">Das Projekt &#8222;Jedem Kind ein Instrument&#8220; geht nach den  Sommerferien an unserer Schule ins zweite Jahr. Im zu Ende gehenden Schuljahr  sind die Erstkl\u00e4ssler von den Tandemlehrerinnen Ursula F\u00f6rster und Marianne  Hegemann betreut worden. Den Unterricht erteilte Ilka Hoffmann,  Jeki-Fachbereichsleiterin der Musikschule. Die Kinder nahmen begeistert am  Unterricht teil und wurden mit verschiedenen musikalischen Ausdrucksformen  vertraut. 40 Kinder werden nun im neuen Schuljahr in den Instrumentenunterricht  wechseln. M\u00f6glich ist dies nicht zuletzt durch die Unterst\u00fctzung durch  Bergkamener Firmen, die das Geld f\u00fcr die Anschaffung der Instrumente zur  Verf\u00fcgung stellten. Unter anderem beteiligte sich am Sponsoring die Firma Poco,  deren Marktleiter Thomas Gerlich sich bei einem Besuch der Schule von der  Begeisterung der Kinder f\u00fcr das Projekt \u00fcberzeugen konnte.<br \/>\nDie offizielle  \u00dcbergabe der Instrumente an alle am Programm teilnehmenden Zeitkl\u00e4ssler wird am  22. August durch B\u00fcrgermeister Roland Sch\u00e4fer pers\u00f6nlich vorgenommen. Alle  Kinder und Sponsoren werden dann zur feierlichen \u00dcbergabe in den Ratssaal der  Stadt Bergkamen eingeladen.<\/p>\n<p class=\"autor\"><a href=\"http:\/\/gerhart-hauptmann-grundschule.de\/Fotoalbum\/Fotos%20GHS\/Jeki\/index.html\" target=\"_blank\">Zum Fotoalbum&#8230;..<\/a><\/p>\n<p class=\"autor\">\n<p class=\"autor\">Autor des Artikels: WalterTeumert, <a href=\"mailto:teumert@gerhart-hauptmann-grundschule.de\">teumert@gerhart-hauptmann-grundschule.de<\/a><\/p>\n","protected":false},"excerpt":{"rendered":"<p>Sponsoren sichern das Jeki-Projekt<\/p>\n","protected":false},"author":6,"featured_media":0,"comment_status":"closed","ping_status":"closed","sticky":false,"template":"","format":"standard","meta":{"ngg_post_thumbnail":0,"footnotes":""},"categories":[1],"tags":[],"class_list":["post-66","post","type-post","status-publish","format-standard","hentry","category-allgemein","category-1-id","post-seq-1","post-parity-odd","meta-position-corners","fix"],"_links":{"self":[{"href":"https:\/\/www.gerhart-hauptmann-grundschule.de\/verwaltung\/index.php?rest_route=\/wp\/v2\/posts\/66","targetHints":{"allow":["GET"]}}],"collection":[{"href":"https:\/\/www.gerhart-hauptmann-grundschule.de\/verwaltung\/index.php?rest_route=\/wp\/v2\/posts"}],"about":[{"href":"https:\/\/www.gerhart-hauptmann-grundschule.de\/verwaltung\/index.php?rest_route=\/wp\/v2\/types\/post"}],"author":[{"embeddable":true,"href":"https:\/\/www.gerhart-hauptmann-grundschule.de\/verwaltung\/index.php?rest_route=\/wp\/v2\/users\/6"}],"replies":[{"embeddable":true,"href":"https:\/\/www.gerhart-hauptmann-grundschule.de\/verwaltung\/index.php?rest_route=%2Fwp%2Fv2%2Fcomments&post=66"}],"version-history":[{"count":2,"href":"https:\/\/www.gerhart-hauptmann-grundschule.de\/verwaltung\/index.php?rest_route=\/wp\/v2\/posts\/66\/revisions"}],"predecessor-version":[{"id":74,"href":"https:\/\/www.gerhart-hauptmann-grundschule.de\/verwaltung\/index.php?rest_route=\/wp\/v2\/posts\/66\/revisions\/74"}],"wp:attachment":[{"href":"https:\/\/www.gerhart-hauptmann-grundschule.de\/verwaltung\/index.php?rest_route=%2Fwp%2Fv2%2Fmedia&parent=66"}],"wp:term":[{"taxonomy":"category","embeddable":true,"href":"https:\/\/www.gerhart-hauptmann-grundschule.de\/verwaltung\/index.php?rest_route=%2Fwp%2Fv2%2Fcategories&post=66"},{"taxonomy":"post_tag","embeddable":true,"href":"https:\/\/www.gerhart-hauptmann-grundschule.de\/verwaltung\/index.php?rest_route=%2Fwp%2Fv2%2Ftags&post=66"}],"curies":[{"name":"wp","href":"https:\/\/api.w.org\/{rel}","templated":true}]}}