{"id":678,"date":"2014-03-03T23:41:22","date_gmt":"2014-03-03T21:41:22","guid":{"rendered":"http:\/\/gerhart-hauptmann-grundschule.de\/verwaltung\/?p=678"},"modified":"2014-03-07T23:50:37","modified_gmt":"2014-03-07T21:50:37","slug":"rosenmontag-mit-jonny-krause","status":"publish","type":"post","link":"https:\/\/www.gerhart-hauptmann-grundschule.de\/verwaltung\/?p=678","title":{"rendered":"Rosenmontag mit Jonny Krause"},"content":{"rendered":"<p>Rosenmontag kamen die Kinder der Gerhart-Hauptmann-Schule bunt verkleidet zum &#8222;Unterricht&#8220;.\u00a0<!--more-->Statt Mathe und Deutsch standen Feiern, Tanzen und Spielen auf dem Stundenplan. Zus\u00e4tzlich zum bunten Treiben in den jeweiligen Klassen f\u00fchrte der bekannte Puppenspieler Jonny Krause in der Turnhalle das St\u00fcck &#8222;Der Feuerteufel&#8220; auf, das die Kinder mit Begeisterung und stimmgewaltiger Beteiligung verfolgten.<\/p>\n<p style=\"text-align: center;\"><a href=\"http:\/\/gerhart-hauptmann-grundschule.de\/verwaltung\/wp-content\/uploads\/2014\/03\/K1600_P1120736.jpg\"><img loading=\"lazy\" decoding=\"async\" class=\"size-medium wp-image-681 aligncenter\" alt=\"K1600_P1120736\" src=\"http:\/\/gerhart-hauptmann-grundschule.de\/verwaltung\/wp-content\/uploads\/2014\/03\/K1600_P1120736-300x169.jpg\" width=\"300\" height=\"169\" srcset=\"https:\/\/www.gerhart-hauptmann-grundschule.de\/verwaltung\/wp-content\/uploads\/2014\/03\/K1600_P1120736-300x169.jpg 300w, https:\/\/www.gerhart-hauptmann-grundschule.de\/verwaltung\/wp-content\/uploads\/2014\/03\/K1600_P1120736-1024x577.jpg 1024w\" sizes=\"auto, (max-width: 300px) 100vw, 300px\" \/><\/a><\/p>\n<p style=\"text-align: center;\"><a href=\"http:\/\/gerhart-hauptmann-grundschule.de\/verwaltung\/wp-content\/uploads\/2014\/03\/K1600_P1120737.jpg\"><img loading=\"lazy\" decoding=\"async\" class=\"size-medium wp-image-682 aligncenter\" alt=\"K1600_P1120737\" src=\"http:\/\/gerhart-hauptmann-grundschule.de\/verwaltung\/wp-content\/uploads\/2014\/03\/K1600_P1120737-300x169.jpg\" width=\"300\" height=\"169\" srcset=\"https:\/\/www.gerhart-hauptmann-grundschule.de\/verwaltung\/wp-content\/uploads\/2014\/03\/K1600_P1120737-300x169.jpg 300w, https:\/\/www.gerhart-hauptmann-grundschule.de\/verwaltung\/wp-content\/uploads\/2014\/03\/K1600_P1120737-1024x577.jpg 1024w\" sizes=\"auto, (max-width: 300px) 100vw, 300px\" \/><\/a><\/p>\n<p style=\"text-align: center;\"><a href=\"http:\/\/gerhart-hauptmann-grundschule.de\/verwaltung\/wp-content\/uploads\/2014\/03\/K1600_P1120738.jpg\"><img loading=\"lazy\" decoding=\"async\" class=\"alignnone size-medium wp-image-683\" alt=\"K1600_P1120738\" src=\"http:\/\/gerhart-hauptmann-grundschule.de\/verwaltung\/wp-content\/uploads\/2014\/03\/K1600_P1120738-300x169.jpg\" width=\"300\" height=\"169\" srcset=\"https:\/\/www.gerhart-hauptmann-grundschule.de\/verwaltung\/wp-content\/uploads\/2014\/03\/K1600_P1120738-300x169.jpg 300w, https:\/\/www.gerhart-hauptmann-grundschule.de\/verwaltung\/wp-content\/uploads\/2014\/03\/K1600_P1120738-1024x577.jpg 1024w\" sizes=\"auto, (max-width: 300px) 100vw, 300px\" \/><\/a><\/p>\n<p style=\"text-align: center;\"><a href=\"http:\/\/gerhart-hauptmann-grundschule.de\/verwaltung\/wp-content\/uploads\/2014\/03\/K1600_P1120741.jpg\"><img loading=\"lazy\" decoding=\"async\" class=\"size-medium wp-image-684 aligncenter\" alt=\"K1600_P1120741\" src=\"http:\/\/gerhart-hauptmann-grundschule.de\/verwaltung\/wp-content\/uploads\/2014\/03\/K1600_P1120741-300x169.jpg\" width=\"300\" height=\"169\" srcset=\"https:\/\/www.gerhart-hauptmann-grundschule.de\/verwaltung\/wp-content\/uploads\/2014\/03\/K1600_P1120741-300x169.jpg 300w, https:\/\/www.gerhart-hauptmann-grundschule.de\/verwaltung\/wp-content\/uploads\/2014\/03\/K1600_P1120741-1024x577.jpg 1024w\" sizes=\"auto, (max-width: 300px) 100vw, 300px\" \/><\/a><\/p>\n<p style=\"text-align: center;\"><a href=\"http:\/\/gerhart-hauptmann-grundschule.de\/verwaltung\/wp-content\/uploads\/2014\/03\/K1600_P1120750.jpg\"><img loading=\"lazy\" decoding=\"async\" class=\"alignnone size-medium wp-image-686\" alt=\"K1600_P1120750\" src=\"http:\/\/gerhart-hauptmann-grundschule.de\/verwaltung\/wp-content\/uploads\/2014\/03\/K1600_P1120750-300x169.jpg\" width=\"300\" height=\"169\" srcset=\"https:\/\/www.gerhart-hauptmann-grundschule.de\/verwaltung\/wp-content\/uploads\/2014\/03\/K1600_P1120750-300x169.jpg 300w, https:\/\/www.gerhart-hauptmann-grundschule.de\/verwaltung\/wp-content\/uploads\/2014\/03\/K1600_P1120750-1024x577.jpg 1024w\" sizes=\"auto, (max-width: 300px) 100vw, 300px\" \/><\/a><\/p>\n","protected":false},"excerpt":{"rendered":"<p>Rosenmontag kamen die Kinder der Gerhart-Hauptmann-Schule bunt verkleidet zum &#8222;Unterricht&#8220;.\u00a0<\/p>\n","protected":false},"author":6,"featured_media":0,"comment_status":"closed","ping_status":"closed","sticky":false,"template":"","format":"standard","meta":{"ngg_post_thumbnail":0,"footnotes":""},"categories":[1],"tags":[],"class_list":["post-678","post","type-post","status-publish","format-standard","hentry","category-allgemein","category-1-id","post-seq-1","post-parity-odd","meta-position-corners","fix"],"_links":{"self":[{"href":"https:\/\/www.gerhart-hauptmann-grundschule.de\/verwaltung\/index.php?rest_route=\/wp\/v2\/posts\/678","targetHints":{"allow":["GET"]}}],"collection":[{"href":"https:\/\/www.gerhart-hauptmann-grundschule.de\/verwaltung\/index.php?rest_route=\/wp\/v2\/posts"}],"about":[{"href":"https:\/\/www.gerhart-hauptmann-grundschule.de\/verwaltung\/index.php?rest_route=\/wp\/v2\/types\/post"}],"author":[{"embeddable":true,"href":"https:\/\/www.gerhart-hauptmann-grundschule.de\/verwaltung\/index.php?rest_route=\/wp\/v2\/users\/6"}],"replies":[{"embeddable":true,"href":"https:\/\/www.gerhart-hauptmann-grundschule.de\/verwaltung\/index.php?rest_route=%2Fwp%2Fv2%2Fcomments&post=678"}],"version-history":[{"count":5,"href":"https:\/\/www.gerhart-hauptmann-grundschule.de\/verwaltung\/index.php?rest_route=\/wp\/v2\/posts\/678\/revisions"}],"predecessor-version":[{"id":689,"href":"https:\/\/www.gerhart-hauptmann-grundschule.de\/verwaltung\/index.php?rest_route=\/wp\/v2\/posts\/678\/revisions\/689"}],"wp:attachment":[{"href":"https:\/\/www.gerhart-hauptmann-grundschule.de\/verwaltung\/index.php?rest_route=%2Fwp%2Fv2%2Fmedia&parent=678"}],"wp:term":[{"taxonomy":"category","embeddable":true,"href":"https:\/\/www.gerhart-hauptmann-grundschule.de\/verwaltung\/index.php?rest_route=%2Fwp%2Fv2%2Fcategories&post=678"},{"taxonomy":"post_tag","embeddable":true,"href":"https:\/\/www.gerhart-hauptmann-grundschule.de\/verwaltung\/index.php?rest_route=%2Fwp%2Fv2%2Ftags&post=678"}],"curies":[{"name":"wp","href":"https:\/\/api.w.org\/{rel}","templated":true}]}}