{"id":717,"date":"2014-05-17T23:11:13","date_gmt":"2014-05-17T21:11:13","guid":{"rendered":"http:\/\/gerhart-hauptmann-grundschule.de\/verwaltung\/?p=717"},"modified":"2015-03-31T11:18:45","modified_gmt":"2015-03-31T09:18:45","slug":"projekttage-2014","status":"publish","type":"post","link":"https:\/\/www.gerhart-hauptmann-grundschule.de\/verwaltung\/?p=717","title":{"rendered":"Projekttage 2014"},"content":{"rendered":"<p>Unter dem Motto &#8222;Mit allen Sinnen&#8220; durften die Gerhart-Hauptmann-Sch\u00fcler an drei Tagen spannende Experimente durchf\u00fchren. In verschiedenen Gruppen, die jahrgangsgemischt zusammengestellt waren, sahen, h\u00f6rten, rochen, schmeckten und f\u00fchlten die Kinder Erstaunliches. Die Ergebnisse der Projekttage wurden den Eltern, Geschwistern und anderen Interessierten dann auf dem abschlie\u00dfenden Schulfest stolz pr\u00e4sentiert.<\/p>\n<p>Die Projektgruppen waren: Fotografie, F\u00fchlkisten, Fu\u00dfparcours, H\u00f6ren, Optische T\u00e4uschungen, Sehen, Riechen und Schmecken und Socken-Theater.<!--more--><\/p>\n<p><a href=\"http:\/\/gerhart-hauptmann-grundschule.de\/verwaltung\/wp-content\/uploads\/2014\/05\/K1600_Fotografie-1.jpg\"><img loading=\"lazy\" decoding=\"async\" class=\"aligncenter size-large wp-image-723\" alt=\"K1600_Fotografie 1\" src=\"http:\/\/gerhart-hauptmann-grundschule.de\/verwaltung\/wp-content\/uploads\/2014\/05\/K1600_Fotografie-1-1024x577.jpg\" width=\"695\" height=\"391\" srcset=\"https:\/\/www.gerhart-hauptmann-grundschule.de\/verwaltung\/wp-content\/uploads\/2014\/05\/K1600_Fotografie-1-1024x577.jpg 1024w, https:\/\/www.gerhart-hauptmann-grundschule.de\/verwaltung\/wp-content\/uploads\/2014\/05\/K1600_Fotografie-1-300x169.jpg 300w\" sizes=\"auto, (max-width: 695px) 100vw, 695px\" \/><\/a><\/p>\n<p><a href=\"http:\/\/gerhart-hauptmann-grundschule.de\/verwaltung\/wp-content\/uploads\/2014\/05\/K1600_F\u00fchlkisten-1.jpg\"><img loading=\"lazy\" decoding=\"async\" class=\"aligncenter size-large wp-image-724\" alt=\"K1600_F\u00fchlkisten 1\" src=\"http:\/\/gerhart-hauptmann-grundschule.de\/verwaltung\/wp-content\/uploads\/2014\/05\/K1600_F\u00fchlkisten-1-1024x577.jpg\" width=\"695\" height=\"391\" srcset=\"https:\/\/www.gerhart-hauptmann-grundschule.de\/verwaltung\/wp-content\/uploads\/2014\/05\/K1600_F\u00fchlkisten-1-1024x577.jpg 1024w, https:\/\/www.gerhart-hauptmann-grundschule.de\/verwaltung\/wp-content\/uploads\/2014\/05\/K1600_F\u00fchlkisten-1-300x169.jpg 300w\" sizes=\"auto, (max-width: 695px) 100vw, 695px\" \/><\/a><\/p>\n<p><a href=\"http:\/\/gerhart-hauptmann-grundschule.de\/verwaltung\/wp-content\/uploads\/2014\/05\/K1600_Fu\u00dfparcours-1.jpg\"><img loading=\"lazy\" decoding=\"async\" class=\"aligncenter size-large wp-image-725\" alt=\"K1600_Fu\u00dfparcours 1\" src=\"http:\/\/gerhart-hauptmann-grundschule.de\/verwaltung\/wp-content\/uploads\/2014\/05\/K1600_Fu\u00dfparcours-1-577x1024.jpg\" width=\"577\" height=\"1024\" srcset=\"https:\/\/www.gerhart-hauptmann-grundschule.de\/verwaltung\/wp-content\/uploads\/2014\/05\/K1600_Fu\u00dfparcours-1-577x1024.jpg 577w, https:\/\/www.gerhart-hauptmann-grundschule.de\/verwaltung\/wp-content\/uploads\/2014\/05\/K1600_Fu\u00dfparcours-1-169x300.jpg 169w, https:\/\/www.gerhart-hauptmann-grundschule.de\/verwaltung\/wp-content\/uploads\/2014\/05\/K1600_Fu\u00dfparcours-1.jpg 1200w\" sizes=\"auto, (max-width: 577px) 100vw, 577px\" \/><\/a><\/p>\n<p><a href=\"http:\/\/gerhart-hauptmann-grundschule.de\/verwaltung\/wp-content\/uploads\/2014\/05\/K1600_H\u00f6ren-1.jpg\"><img loading=\"lazy\" decoding=\"async\" class=\"aligncenter size-large wp-image-726\" alt=\"K1600_H\u00f6ren 1\" src=\"http:\/\/gerhart-hauptmann-grundschule.de\/verwaltung\/wp-content\/uploads\/2014\/05\/K1600_H\u00f6ren-1-1024x577.jpg\" width=\"695\" height=\"391\" srcset=\"https:\/\/www.gerhart-hauptmann-grundschule.de\/verwaltung\/wp-content\/uploads\/2014\/05\/K1600_H\u00f6ren-1-1024x577.jpg 1024w, https:\/\/www.gerhart-hauptmann-grundschule.de\/verwaltung\/wp-content\/uploads\/2014\/05\/K1600_H\u00f6ren-1-300x169.jpg 300w\" sizes=\"auto, (max-width: 695px) 100vw, 695px\" \/><\/a><\/p>\n<p><a href=\"http:\/\/gerhart-hauptmann-grundschule.de\/verwaltung\/wp-content\/uploads\/2014\/05\/K1600_Optische-T\u00e4uschungen.jpg\"><img loading=\"lazy\" decoding=\"async\" class=\"aligncenter size-large wp-image-727\" alt=\"K1600_Optische T\u00e4uschungen\" src=\"http:\/\/gerhart-hauptmann-grundschule.de\/verwaltung\/wp-content\/uploads\/2014\/05\/K1600_Optische-T\u00e4uschungen-1024x577.jpg\" width=\"695\" height=\"391\" srcset=\"https:\/\/www.gerhart-hauptmann-grundschule.de\/verwaltung\/wp-content\/uploads\/2014\/05\/K1600_Optische-T\u00e4uschungen-1024x577.jpg 1024w, https:\/\/www.gerhart-hauptmann-grundschule.de\/verwaltung\/wp-content\/uploads\/2014\/05\/K1600_Optische-T\u00e4uschungen-300x169.jpg 300w\" sizes=\"auto, (max-width: 695px) 100vw, 695px\" \/><\/a><\/p>\n<p><a href=\"http:\/\/gerhart-hauptmann-grundschule.de\/verwaltung\/wp-content\/uploads\/2014\/05\/K1600_Sehen-2.jpg\"><img loading=\"lazy\" decoding=\"async\" class=\"aligncenter size-large wp-image-728\" alt=\"K1600_Sehen 2\" src=\"http:\/\/gerhart-hauptmann-grundschule.de\/verwaltung\/wp-content\/uploads\/2014\/05\/K1600_Sehen-2-1024x768.jpg\" width=\"695\" height=\"521\" srcset=\"https:\/\/www.gerhart-hauptmann-grundschule.de\/verwaltung\/wp-content\/uploads\/2014\/05\/K1600_Sehen-2-1024x768.jpg 1024w, https:\/\/www.gerhart-hauptmann-grundschule.de\/verwaltung\/wp-content\/uploads\/2014\/05\/K1600_Sehen-2-300x225.jpg 300w, https:\/\/www.gerhart-hauptmann-grundschule.de\/verwaltung\/wp-content\/uploads\/2014\/05\/K1600_Sehen-2.jpg 1600w\" sizes=\"auto, (max-width: 695px) 100vw, 695px\" \/><\/a><\/p>\n<p><a href=\"http:\/\/gerhart-hauptmann-grundschule.de\/verwaltung\/wp-content\/uploads\/2014\/05\/K1600_Riechen-und-Schmecken-2.jpg\"><img loading=\"lazy\" decoding=\"async\" class=\"aligncenter size-large wp-image-729\" alt=\"K1600_Riechen und Schmecken (2)\" src=\"http:\/\/gerhart-hauptmann-grundschule.de\/verwaltung\/wp-content\/uploads\/2014\/05\/K1600_Riechen-und-Schmecken-2-1024x577.jpg\" width=\"695\" height=\"391\" srcset=\"https:\/\/www.gerhart-hauptmann-grundschule.de\/verwaltung\/wp-content\/uploads\/2014\/05\/K1600_Riechen-und-Schmecken-2-1024x577.jpg 1024w, https:\/\/www.gerhart-hauptmann-grundschule.de\/verwaltung\/wp-content\/uploads\/2014\/05\/K1600_Riechen-und-Schmecken-2-300x169.jpg 300w\" sizes=\"auto, (max-width: 695px) 100vw, 695px\" \/><\/a><\/p>\n<p><a href=\"http:\/\/gerhart-hauptmann-grundschule.de\/verwaltung\/wp-content\/uploads\/2014\/05\/K1600_W-Fertig.jpg\"><img loading=\"lazy\" decoding=\"async\" class=\"aligncenter size-large wp-image-730\" alt=\"K1600_W Fertig\" src=\"http:\/\/gerhart-hauptmann-grundschule.de\/verwaltung\/wp-content\/uploads\/2014\/05\/K1600_W-Fertig-768x1024.jpg\" width=\"695\" height=\"926\" srcset=\"https:\/\/www.gerhart-hauptmann-grundschule.de\/verwaltung\/wp-content\/uploads\/2014\/05\/K1600_W-Fertig-768x1024.jpg 768w, https:\/\/www.gerhart-hauptmann-grundschule.de\/verwaltung\/wp-content\/uploads\/2014\/05\/K1600_W-Fertig-225x300.jpg 225w, https:\/\/www.gerhart-hauptmann-grundschule.de\/verwaltung\/wp-content\/uploads\/2014\/05\/K1600_W-Fertig.jpg 1200w\" sizes=\"auto, (max-width: 695px) 100vw, 695px\" \/><\/a><\/p>\n<p><a href=\"http:\/\/gerhart-hauptmann-grundschule.de\/verwaltung\/wp-content\/uploads\/2014\/05\/K1600_Vorf\u00fchrung.jpg\"><img loading=\"lazy\" decoding=\"async\" class=\"aligncenter size-large wp-image-731\" alt=\"K1600_Vorf\u00fchrung\" src=\"http:\/\/gerhart-hauptmann-grundschule.de\/verwaltung\/wp-content\/uploads\/2014\/05\/K1600_Vorf\u00fchrung-1024x768.jpg\" width=\"695\" height=\"521\" srcset=\"https:\/\/www.gerhart-hauptmann-grundschule.de\/verwaltung\/wp-content\/uploads\/2014\/05\/K1600_Vorf\u00fchrung-1024x768.jpg 1024w, https:\/\/www.gerhart-hauptmann-grundschule.de\/verwaltung\/wp-content\/uploads\/2014\/05\/K1600_Vorf\u00fchrung-300x225.jpg 300w, https:\/\/www.gerhart-hauptmann-grundschule.de\/verwaltung\/wp-content\/uploads\/2014\/05\/K1600_Vorf\u00fchrung.jpg 1600w\" sizes=\"auto, (max-width: 695px) 100vw, 695px\" \/><\/a><\/p>\n<p><a href=\"http:\/\/gerhart-hauptmann-grundschule.de\/verwaltung\/wp-content\/uploads\/2014\/05\/K1600_Sehen-8.jpg\"><img loading=\"lazy\" decoding=\"async\" class=\"aligncenter size-large wp-image-732\" alt=\"K1600_Sehen 8\" src=\"http:\/\/gerhart-hauptmann-grundschule.de\/verwaltung\/wp-content\/uploads\/2014\/05\/K1600_Sehen-8-1024x768.jpg\" width=\"695\" height=\"521\" srcset=\"https:\/\/www.gerhart-hauptmann-grundschule.de\/verwaltung\/wp-content\/uploads\/2014\/05\/K1600_Sehen-8-1024x768.jpg 1024w, https:\/\/www.gerhart-hauptmann-grundschule.de\/verwaltung\/wp-content\/uploads\/2014\/05\/K1600_Sehen-8-300x225.jpg 300w, https:\/\/www.gerhart-hauptmann-grundschule.de\/verwaltung\/wp-content\/uploads\/2014\/05\/K1600_Sehen-8.jpg 1600w\" sizes=\"auto, (max-width: 695px) 100vw, 695px\" \/><\/a><\/p>\n","protected":false},"excerpt":{"rendered":"<p>Unter dem Motto &#8222;Mit allen Sinnen&#8220; durften die Gerhart-Hauptmann-Sch\u00fcler an drei Tagen spannende Experimente durchf\u00fchren. In verschiedenen Gruppen, die jahrgangsgemischt zusammengestellt waren, sahen, h\u00f6rten, rochen, schmeckten und f\u00fchlten die Kinder Erstaunliches. Die Ergebnisse der Projekttage wurden den Eltern, Geschwistern und anderen Interessierten dann auf dem abschlie\u00dfenden Schulfest stolz pr\u00e4sentiert. Die Projektgruppen waren: Fotografie, F\u00fchlkisten, Fu\u00dfparcours, <a href='https:\/\/www.gerhart-hauptmann-grundschule.de\/verwaltung\/?p=717' class='excerpt-more'>[&#8230;]<\/a><\/p>\n","protected":false},"author":6,"featured_media":0,"comment_status":"closed","ping_status":"closed","sticky":false,"template":"","format":"standard","meta":{"ngg_post_thumbnail":0,"footnotes":""},"categories":[1],"tags":[],"class_list":["post-717","post","type-post","status-publish","format-standard","hentry","category-allgemein","category-1-id","post-seq-1","post-parity-odd","meta-position-corners","fix"],"_links":{"self":[{"href":"https:\/\/www.gerhart-hauptmann-grundschule.de\/verwaltung\/index.php?rest_route=\/wp\/v2\/posts\/717","targetHints":{"allow":["GET"]}}],"collection":[{"href":"https:\/\/www.gerhart-hauptmann-grundschule.de\/verwaltung\/index.php?rest_route=\/wp\/v2\/posts"}],"about":[{"href":"https:\/\/www.gerhart-hauptmann-grundschule.de\/verwaltung\/index.php?rest_route=\/wp\/v2\/types\/post"}],"author":[{"embeddable":true,"href":"https:\/\/www.gerhart-hauptmann-grundschule.de\/verwaltung\/index.php?rest_route=\/wp\/v2\/users\/6"}],"replies":[{"embeddable":true,"href":"https:\/\/www.gerhart-hauptmann-grundschule.de\/verwaltung\/index.php?rest_route=%2Fwp%2Fv2%2Fcomments&post=717"}],"version-history":[{"count":2,"href":"https:\/\/www.gerhart-hauptmann-grundschule.de\/verwaltung\/index.php?rest_route=\/wp\/v2\/posts\/717\/revisions"}],"predecessor-version":[{"id":805,"href":"https:\/\/www.gerhart-hauptmann-grundschule.de\/verwaltung\/index.php?rest_route=\/wp\/v2\/posts\/717\/revisions\/805"}],"wp:attachment":[{"href":"https:\/\/www.gerhart-hauptmann-grundschule.de\/verwaltung\/index.php?rest_route=%2Fwp%2Fv2%2Fmedia&parent=717"}],"wp:term":[{"taxonomy":"category","embeddable":true,"href":"https:\/\/www.gerhart-hauptmann-grundschule.de\/verwaltung\/index.php?rest_route=%2Fwp%2Fv2%2Fcategories&post=717"},{"taxonomy":"post_tag","embeddable":true,"href":"https:\/\/www.gerhart-hauptmann-grundschule.de\/verwaltung\/index.php?rest_route=%2Fwp%2Fv2%2Ftags&post=717"}],"curies":[{"name":"wp","href":"https:\/\/api.w.org\/{rel}","templated":true}]}}