{"id":746,"date":"2014-08-21T16:29:22","date_gmt":"2014-08-21T14:29:22","guid":{"rendered":"http:\/\/gerhart-hauptmann-grundschule.de\/verwaltung\/?p=746"},"modified":"2015-03-31T11:17:22","modified_gmt":"2015-03-31T09:17:22","slug":"einschulung-2014","status":"publish","type":"post","link":"https:\/\/www.gerhart-hauptmann-grundschule.de\/verwaltung\/?p=746","title":{"rendered":"Einschulung 2014"},"content":{"rendered":"<p>Am Donnerstag, den 21.08.2014 war es wieder einmal soweit. Die Schulanf\u00e4nger der Gerhart-Hauptmann-Schule wurden begr\u00fc\u00dft. Mit einem feierlichen Rahmen empfingen die Zweitkl\u00e4ssler ihre neuen Mitsch\u00fcler und deren Eltern in der Dreifachturnhalle. Sie sangen ein Willkommenslied, pr\u00e4sentierten einen Rap auf im JeKi-Unterricht selbst gebauten Trommeln und luden die Erstkl\u00e4ssler anschlie\u00dfend ein, mit ihnen einen Schwungtuch-Tanz durchzuf\u00fchren. Dann hie\u00df es &#8222;Abschied nehmen&#8220; von den Eltern, um mit den Klassenlehrern Frau Goldau und Frau Kadzimirsz zur allerersten Unterrichtsstunde in die jeweiligen Klassenr\u00e4ume zu gehen. In der Zwischenzeit durften die Erwachsenen sich bei Kaffee und Kuchen st\u00e4rken, die ihnen die Drittkl\u00e4ssler auf dem Schulhof und in der Cafeteria anboten. Nicht zuletzt aufgrund des Bilderbuchwetters war es ein sehr sch\u00f6ner 1. Schultag.<\/p>\n","protected":false},"excerpt":{"rendered":"<p>Am Donnerstag, den 21.08.2014 war es wieder einmal soweit. Die Schulanf\u00e4nger der Gerhart-Hauptmann-Schule wurden begr\u00fc\u00dft. Mit einem feierlichen Rahmen empfingen die Zweitkl\u00e4ssler ihre neuen Mitsch\u00fcler und deren Eltern in der Dreifachturnhalle. Sie sangen ein Willkommenslied, pr\u00e4sentierten einen Rap auf im JeKi-Unterricht selbst gebauten Trommeln und luden die Erstkl\u00e4ssler anschlie\u00dfend ein, mit ihnen einen Schwungtuch-Tanz durchzuf\u00fchren. <a href='https:\/\/www.gerhart-hauptmann-grundschule.de\/verwaltung\/?p=746' class='excerpt-more'>[&#8230;]<\/a><\/p>\n","protected":false},"author":6,"featured_media":0,"comment_status":"closed","ping_status":"closed","sticky":false,"template":"","format":"standard","meta":{"ngg_post_thumbnail":0,"footnotes":""},"categories":[1],"tags":[],"class_list":["post-746","post","type-post","status-publish","format-standard","hentry","category-allgemein","category-1-id","post-seq-1","post-parity-odd","meta-position-corners","fix"],"_links":{"self":[{"href":"https:\/\/www.gerhart-hauptmann-grundschule.de\/verwaltung\/index.php?rest_route=\/wp\/v2\/posts\/746","targetHints":{"allow":["GET"]}}],"collection":[{"href":"https:\/\/www.gerhart-hauptmann-grundschule.de\/verwaltung\/index.php?rest_route=\/wp\/v2\/posts"}],"about":[{"href":"https:\/\/www.gerhart-hauptmann-grundschule.de\/verwaltung\/index.php?rest_route=\/wp\/v2\/types\/post"}],"author":[{"embeddable":true,"href":"https:\/\/www.gerhart-hauptmann-grundschule.de\/verwaltung\/index.php?rest_route=\/wp\/v2\/users\/6"}],"replies":[{"embeddable":true,"href":"https:\/\/www.gerhart-hauptmann-grundschule.de\/verwaltung\/index.php?rest_route=%2Fwp%2Fv2%2Fcomments&post=746"}],"version-history":[{"count":2,"href":"https:\/\/www.gerhart-hauptmann-grundschule.de\/verwaltung\/index.php?rest_route=\/wp\/v2\/posts\/746\/revisions"}],"predecessor-version":[{"id":803,"href":"https:\/\/www.gerhart-hauptmann-grundschule.de\/verwaltung\/index.php?rest_route=\/wp\/v2\/posts\/746\/revisions\/803"}],"wp:attachment":[{"href":"https:\/\/www.gerhart-hauptmann-grundschule.de\/verwaltung\/index.php?rest_route=%2Fwp%2Fv2%2Fmedia&parent=746"}],"wp:term":[{"taxonomy":"category","embeddable":true,"href":"https:\/\/www.gerhart-hauptmann-grundschule.de\/verwaltung\/index.php?rest_route=%2Fwp%2Fv2%2Fcategories&post=746"},{"taxonomy":"post_tag","embeddable":true,"href":"https:\/\/www.gerhart-hauptmann-grundschule.de\/verwaltung\/index.php?rest_route=%2Fwp%2Fv2%2Ftags&post=746"}],"curies":[{"name":"wp","href":"https:\/\/api.w.org\/{rel}","templated":true}]}}