{"id":85,"date":"2009-12-22T19:32:11","date_gmt":"2009-12-22T17:32:11","guid":{"rendered":"http:\/\/gerhart-hauptmann-grundschule.de\/verwaltung\/?p=85"},"modified":"2010-01-12T23:21:55","modified_gmt":"2010-01-12T21:21:55","slug":"weihnachtskonzert-2009","status":"publish","type":"post","link":"https:\/\/www.gerhart-hauptmann-grundschule.de\/verwaltung\/?p=85","title":{"rendered":"Weihnachtskonzert 2009"},"content":{"rendered":"<p>Gro\u00dfer Erfolg. Von allen gelobt. <!--more-->Das Konzert der Jeki-Instrumentenkinder am 22.12.2009 im studiotheater Bergkamen, musikalisch unterst\u00fctzt von vielen Kindern anderer Klassen, war ein kr\u00f6nender Abschluss des Jahres 2009. Alle Beteiligten &#8211; sowohl Musikanten als auch S\u00e4nger &#8211; zeigten ihr Bestes und gaben so den Kindern, Eltern und Lehrern der GHS ein vorzeitiges Weihnachtsgeschenk mit in die Ferien. Vielen Dank \u00a0an alle, die dieses Konzert erm\u00f6glicht haben &#8211; insbesondere an Frau F\u00f6rster f\u00fcr die Organisation.<\/p>\n<p><a href=\"http:\/\/gerhart-hauptmann-grundschule.de\/Fotoalbum\/Fotos%20GHS\/Weihnachtskonzert%2009\/index.html\" target=\"_blank\">Zu den Fotos <\/a><\/p>\n","protected":false},"excerpt":{"rendered":"<p>Gro\u00dfer Erfolg. Von allen gelobt.<\/p>\n","protected":false},"author":6,"featured_media":0,"comment_status":"closed","ping_status":"closed","sticky":false,"template":"","format":"standard","meta":{"ngg_post_thumbnail":0,"footnotes":""},"categories":[1],"tags":[],"class_list":["post-85","post","type-post","status-publish","format-standard","hentry","category-allgemein","category-1-id","post-seq-1","post-parity-odd","meta-position-corners","fix"],"_links":{"self":[{"href":"https:\/\/www.gerhart-hauptmann-grundschule.de\/verwaltung\/index.php?rest_route=\/wp\/v2\/posts\/85","targetHints":{"allow":["GET"]}}],"collection":[{"href":"https:\/\/www.gerhart-hauptmann-grundschule.de\/verwaltung\/index.php?rest_route=\/wp\/v2\/posts"}],"about":[{"href":"https:\/\/www.gerhart-hauptmann-grundschule.de\/verwaltung\/index.php?rest_route=\/wp\/v2\/types\/post"}],"author":[{"embeddable":true,"href":"https:\/\/www.gerhart-hauptmann-grundschule.de\/verwaltung\/index.php?rest_route=\/wp\/v2\/users\/6"}],"replies":[{"embeddable":true,"href":"https:\/\/www.gerhart-hauptmann-grundschule.de\/verwaltung\/index.php?rest_route=%2Fwp%2Fv2%2Fcomments&post=85"}],"version-history":[{"count":7,"href":"https:\/\/www.gerhart-hauptmann-grundschule.de\/verwaltung\/index.php?rest_route=\/wp\/v2\/posts\/85\/revisions"}],"predecessor-version":[{"id":97,"href":"https:\/\/www.gerhart-hauptmann-grundschule.de\/verwaltung\/index.php?rest_route=\/wp\/v2\/posts\/85\/revisions\/97"}],"wp:attachment":[{"href":"https:\/\/www.gerhart-hauptmann-grundschule.de\/verwaltung\/index.php?rest_route=%2Fwp%2Fv2%2Fmedia&parent=85"}],"wp:term":[{"taxonomy":"category","embeddable":true,"href":"https:\/\/www.gerhart-hauptmann-grundschule.de\/verwaltung\/index.php?rest_route=%2Fwp%2Fv2%2Fcategories&post=85"},{"taxonomy":"post_tag","embeddable":true,"href":"https:\/\/www.gerhart-hauptmann-grundschule.de\/verwaltung\/index.php?rest_route=%2Fwp%2Fv2%2Ftags&post=85"}],"curies":[{"name":"wp","href":"https:\/\/api.w.org\/{rel}","templated":true}]}}