{"id":98,"date":"2010-01-29T16:24:54","date_gmt":"2010-01-29T14:24:54","guid":{"rendered":"http:\/\/gerhart-hauptmann-grundschule.de\/verwaltung\/?p=98"},"modified":"2010-02-05T22:24:01","modified_gmt":"2010-02-05T20:24:01","slug":"lehrerin-frau-hoezema-verabschiedet","status":"publish","type":"post","link":"https:\/\/www.gerhart-hauptmann-grundschule.de\/verwaltung\/?p=98","title":{"rendered":"Lehrerin Frau Hoekzema verabschiedet"},"content":{"rendered":"<p>Kollegium, Kinder und Elternvertreter sagten Ad\u00e9<!--more--><\/p>\n<p>Nach einem langen Arbeitsleben hie\u00df es gestern f\u00fcr Frau Hoekzema Abschied nehmen von der Schule. Nach fast 40 Dienstjahren, davon 16 1\/2 Jahre an der Gerhart-Hauptmann-Schule,\u00a0war gestern ihr letzter Arbeitstag. In einer kleinen <a href=\"http:\/\/gerhart-hauptmann-grundschule.de\/Fotoalbum\/Fotos%20GHS\/Abschied%20Fr.%20Hoekzema\/index.html\" target=\"_blank\">Feier<\/a> w\u00fcnschten Kinder, Kollegium und Elternvertreter alles Gute f\u00fcr den neuen Lebensabschnitt. Die Kinder der Klasse 2b erfreuten Frau Hoekzema und die Zuschauer mit dem Schubidua-Tanz und die Sch\u00fclerinnen und Sch\u00fcler der Klasse 3a, deren Klassenlehrerin Frau Hoekzema bis zum Sommer 2009 gewesen war, trugen ein Gedicht vor.\u00a0 Nach einem R\u00fcckblick auf das Wirken der P\u00e4dagogin durch den Schulleiter und dem Dank der Eltern durch den Schulpflegschaftsvorsitzenden Herrn Klu\u00dfmann verabschiedeten sich alle Anwesenden mit einem gemeinsam vorgetragenen Lied.<\/p>\n","protected":false},"excerpt":{"rendered":"<p>Kollegium, Kinder und Elternvertreter sagten Ad\u00e9<\/p>\n","protected":false},"author":6,"featured_media":0,"comment_status":"closed","ping_status":"closed","sticky":false,"template":"","format":"standard","meta":{"ngg_post_thumbnail":0,"footnotes":""},"categories":[1],"tags":[],"class_list":["post-98","post","type-post","status-publish","format-standard","hentry","category-allgemein","category-1-id","post-seq-1","post-parity-odd","meta-position-corners","fix"],"_links":{"self":[{"href":"https:\/\/www.gerhart-hauptmann-grundschule.de\/verwaltung\/index.php?rest_route=\/wp\/v2\/posts\/98","targetHints":{"allow":["GET"]}}],"collection":[{"href":"https:\/\/www.gerhart-hauptmann-grundschule.de\/verwaltung\/index.php?rest_route=\/wp\/v2\/posts"}],"about":[{"href":"https:\/\/www.gerhart-hauptmann-grundschule.de\/verwaltung\/index.php?rest_route=\/wp\/v2\/types\/post"}],"author":[{"embeddable":true,"href":"https:\/\/www.gerhart-hauptmann-grundschule.de\/verwaltung\/index.php?rest_route=\/wp\/v2\/users\/6"}],"replies":[{"embeddable":true,"href":"https:\/\/www.gerhart-hauptmann-grundschule.de\/verwaltung\/index.php?rest_route=%2Fwp%2Fv2%2Fcomments&post=98"}],"version-history":[{"count":6,"href":"https:\/\/www.gerhart-hauptmann-grundschule.de\/verwaltung\/index.php?rest_route=\/wp\/v2\/posts\/98\/revisions"}],"predecessor-version":[{"id":102,"href":"https:\/\/www.gerhart-hauptmann-grundschule.de\/verwaltung\/index.php?rest_route=\/wp\/v2\/posts\/98\/revisions\/102"}],"wp:attachment":[{"href":"https:\/\/www.gerhart-hauptmann-grundschule.de\/verwaltung\/index.php?rest_route=%2Fwp%2Fv2%2Fmedia&parent=98"}],"wp:term":[{"taxonomy":"category","embeddable":true,"href":"https:\/\/www.gerhart-hauptmann-grundschule.de\/verwaltung\/index.php?rest_route=%2Fwp%2Fv2%2Fcategories&post=98"},{"taxonomy":"post_tag","embeddable":true,"href":"https:\/\/www.gerhart-hauptmann-grundschule.de\/verwaltung\/index.php?rest_route=%2Fwp%2Fv2%2Ftags&post=98"}],"curies":[{"name":"wp","href":"https:\/\/api.w.org\/{rel}","templated":true}]}}